{"id":970,"date":"2017-10-04T18:12:04","date_gmt":"2017-10-04T16:12:04","guid":{"rendered":"http:\/\/agora.xtec.cat\/iesmarina\/?p=970"},"modified":"2018-04-03T11:25:28","modified_gmt":"2018-04-03T09:25:28","slug":"erasmustrobada-de-coordinadors","status":"publish","type":"post","link":"https:\/\/agora.xtec.cat\/iesmarina\/general\/erasmustrobada-de-coordinadors\/","title":{"rendered":"ERASMUS+Trobada de coordinadors"},"content":{"rendered":"<div>\n<p>Jornades de Formaci\u00f3 Inicial per a Coordinadors de Projectes Erasmus + entre Centres Escolars 2017.<\/p>\n<p>Durant els dies 28 i 29 de setembre vam assistir a les Jornades de Formaci\u00f3 Inicial per a Coordinadors de Projectes Erasmus+ entre Centres Escolars 2017, organitzades pel SEPIE (Servicio Espa\u00f1ol para la Internacionalizaci\u00f3n de la Educaci\u00f3n), que va tenir lloc a Tenerife.<\/p>\n<p>Al llarg de les jornades, ens vam fer arribar una visi\u00f3 global sobre com dur a terme el nostre projecte &#8220;GoFor&#8221; amb impacte i \u00e8xit. Tamb\u00e9 vam tenir l&#8217;oportunitat d&#8217;establir xarxes de contactes entre companys i companyes d&#8217;altres centres per a futures col.laboracions. Es van desenvolupar debats guiats, un espai d&#8217;anuncis i dubtes per aclarir, aix\u00ed com grups de treball per compartir recursos i iniciatives. #ErasmusplusSepie #ErasmusCat #Goforliteracy.<\/p>\n<\/div>\n","protected":false},"excerpt":{"rendered":"<p>Jornades de Formaci\u00f3 Inicial per a Coordinadors de Projectes Erasmus + entre Centres Escolars 2017.<br \/>\nDurant els dies 28 i 29 de setembre vam assistir a les Jornades de Formaci\u00f3 Inicial per a Coordinadors de Projectes Erasmus+ entre Centres Escolars 2017, organitzades pel SEPIE (Servicio Espa\u00f1ol&hellip;  <a href=\"https:\/\/agora.xtec.cat\/iesmarina\/general\/erasmustrobada-de-coordinadors\/\" title=\"Read ERASMUS+Trobada de coordinadors\">Llegeix m\u00e9s\u00bb<\/a><\/p>\n","protected":false},"author":1,"featured_media":976,"comment_status":"closed","ping_status":"closed","sticky":false,"template":"","format":"standard","meta":{"_bbp_topic_count":0,"_bbp_reply_count":0,"_bbp_total_topic_count":0,"_bbp_total_reply_count":0,"_bbp_voice_count":0,"_bbp_anonymous_reply_count":0,"_bbp_topic_count_hidden":0,"_bbp_reply_count_hidden":0,"_bbp_forum_subforum_count":0,"footnotes":""},"categories":[8,1,136,29],"tags":[105],"class_list":["post-970","post","type-post","status-publish","format-standard","has-post-thumbnail","hentry","category-batxillerat","category-general","category-ll_estrangeres","category-portada","tag-erasmus"],"post_mailing_queue_ids":[],"_links":{"self":[{"href":"https:\/\/agora.xtec.cat\/iesmarina\/wp-json\/wp\/v2\/posts\/970","targetHints":{"allow":["GET"]}}],"collection":[{"href":"https:\/\/agora.xtec.cat\/iesmarina\/wp-json\/wp\/v2\/posts"}],"about":[{"href":"https:\/\/agora.xtec.cat\/iesmarina\/wp-json\/wp\/v2\/types\/post"}],"author":[{"embeddable":true,"href":"https:\/\/agora.xtec.cat\/iesmarina\/wp-json\/wp\/v2\/users\/1"}],"replies":[{"embeddable":true,"href":"https:\/\/agora.xtec.cat\/iesmarina\/wp-json\/wp\/v2\/comments?post=970"}],"version-history":[{"count":3,"href":"https:\/\/agora.xtec.cat\/iesmarina\/wp-json\/wp\/v2\/posts\/970\/revisions"}],"predecessor-version":[{"id":1148,"href":"https:\/\/agora.xtec.cat\/iesmarina\/wp-json\/wp\/v2\/posts\/970\/revisions\/1148"}],"wp:featuredmedia":[{"embeddable":true,"href":"https:\/\/agora.xtec.cat\/iesmarina\/wp-json\/wp\/v2\/media\/976"}],"wp:attachment":[{"href":"https:\/\/agora.xtec.cat\/iesmarina\/wp-json\/wp\/v2\/media?parent=970"}],"wp:term":[{"taxonomy":"category","embeddable":true,"href":"https:\/\/agora.xtec.cat\/iesmarina\/wp-json\/wp\/v2\/categories?post=970"},{"taxonomy":"post_tag","embeddable":true,"href":"https:\/\/agora.xtec.cat\/iesmarina\/wp-json\/wp\/v2\/tags?post=970"}],"curies":[{"name":"wp","href":"https:\/\/api.w.org\/{rel}","templated":true}]}}