{"id":953,"date":"2017-10-17T15:52:59","date_gmt":"2017-10-17T13:52:59","guid":{"rendered":"http:\/\/agora.xtec.cat\/iesmarina\/?p=953"},"modified":"2018-04-03T11:25:15","modified_gmt":"2018-04-03T09:25:15","slug":"erasmus-a-sicilia","status":"publish","type":"post","link":"https:\/\/agora.xtec.cat\/iesmarina\/general\/erasmus-a-sicilia\/","title":{"rendered":"ERASMUS a Hongria"},"content":{"rendered":"<p><a href=\"https:\/\/photos.google.com\/album\/AF1QipOvCIav1Wx3q_2lhBJwtEuzQA4jS4J87xzZSyjG\">https:\/\/photos.google.com\/album\/AF1QipOvCIav1Wx3q_2lhBJwtEuzQA4jS4J87xzZSyjG<\/a><\/p>\n<p>La setmana del 9 al 13 d&#8217;octubre va tenir lloc la segona reuni\u00f3 transnacional del projecte Erasmus + LTSDU a Hongria. 4 professores del INS Marina es van reunir al centre de Secund\u00e0ria P\u00e9t\u00e9r Andr\u00e1s Gimn\u00e1zium \u00e9s K\u00f3llegium a Szeghalom(Hongria) amb professors d&#8217;altres pa\u00efsos participants, com ara Turquia, Hongria, Rep\u00fablica Txeca i It\u00e0lia per tractar temes relacionats amb el projecte, fer una valoraci\u00f3 de les accions implementades en cada centre durant el 1r any\u00a0 i planificar noves accions que es desenvoluparan durant el 2n any.<\/p>\n<p>La propera trobada ser\u00e0 a INS Marina (La Llagosta) \u00a0del 26 de Febrer al 4 de Mar\u00e7 on rebrem a coordinadors i professors de ci\u00e8ncies dels pa\u00efsos participants per posar noves accions en com\u00fa, atendre seminaris sobre psicologia adolescent i mindfulness, i enriquir, al cap i a la fi, la nostra pr\u00e0ctica docent.<\/p>\n<p><span style=\"font-family: inherit; font-size: 1em;\">.<\/span><\/p>\n","protected":false},"excerpt":{"rendered":"<p><a href=\"https:\/\/photos.google.com\/album\/AF1QipOvCIav1Wx3q_2lhBJwtEuzQA4jS4J87xzZSyjG\">https:\/\/photos.google.com\/album\/AF1QipOvCIav1Wx3q_2lhBJwtEuzQA4jS4J87xzZSyjG<\/a><br \/>\nLa setmana del 9 al 13 d&#8217;octubre va tenir lloc la segona reuni\u00f3 transnacional del projecte Erasmus + LTSDU a Hongria. 4 professores del INS Marina es van reunir al centre de Secund\u00e0ria P\u00e9t\u00e9r Andr\u00e1s Gimn\u00e1zium \u00e9s K\u00f3llegium a Szeghalom(Hongria) amb professors d&#8217;altres pa\u00efsos&hellip;  <a href=\"https:\/\/agora.xtec.cat\/iesmarina\/general\/erasmus-a-sicilia\/\" title=\"Read ERASMUS a Hongria\">Llegeix m\u00e9s\u00bb<\/a><\/p>\n","protected":false},"author":1,"featured_media":0,"comment_status":"closed","ping_status":"closed","sticky":false,"template":"","format":"standard","meta":{"_bbp_topic_count":0,"_bbp_reply_count":0,"_bbp_total_topic_count":0,"_bbp_total_reply_count":0,"_bbp_voice_count":0,"_bbp_anonymous_reply_count":0,"_bbp_topic_count_hidden":0,"_bbp_reply_count_hidden":0,"_bbp_forum_subforum_count":0,"footnotes":""},"categories":[8,132,1,136,29],"tags":[105,39],"class_list":["post-953","post","type-post","status-publish","format-standard","hentry","category-batxillerat","category-ciencies_exper","category-general","category-ll_estrangeres","category-portada","tag-erasmus","tag-sortides"],"post_mailing_queue_ids":[],"_links":{"self":[{"href":"https:\/\/agora.xtec.cat\/iesmarina\/wp-json\/wp\/v2\/posts\/953","targetHints":{"allow":["GET"]}}],"collection":[{"href":"https:\/\/agora.xtec.cat\/iesmarina\/wp-json\/wp\/v2\/posts"}],"about":[{"href":"https:\/\/agora.xtec.cat\/iesmarina\/wp-json\/wp\/v2\/types\/post"}],"author":[{"embeddable":true,"href":"https:\/\/agora.xtec.cat\/iesmarina\/wp-json\/wp\/v2\/users\/1"}],"replies":[{"embeddable":true,"href":"https:\/\/agora.xtec.cat\/iesmarina\/wp-json\/wp\/v2\/comments?post=953"}],"version-history":[{"count":4,"href":"https:\/\/agora.xtec.cat\/iesmarina\/wp-json\/wp\/v2\/posts\/953\/revisions"}],"predecessor-version":[{"id":1774,"href":"https:\/\/agora.xtec.cat\/iesmarina\/wp-json\/wp\/v2\/posts\/953\/revisions\/1774"}],"wp:attachment":[{"href":"https:\/\/agora.xtec.cat\/iesmarina\/wp-json\/wp\/v2\/media?parent=953"}],"wp:term":[{"taxonomy":"category","embeddable":true,"href":"https:\/\/agora.xtec.cat\/iesmarina\/wp-json\/wp\/v2\/categories?post=953"},{"taxonomy":"post_tag","embeddable":true,"href":"https:\/\/agora.xtec.cat\/iesmarina\/wp-json\/wp\/v2\/tags?post=953"}],"curies":[{"name":"wp","href":"https:\/\/api.w.org\/{rel}","templated":true}]}}