{"id":726,"date":"2017-04-27T12:01:54","date_gmt":"2017-04-27T10:01:54","guid":{"rendered":"http:\/\/agora.xtec.cat\/iesmarina\/?p=726"},"modified":"2018-04-03T11:27:14","modified_gmt":"2018-04-03T09:27:14","slug":"xerrada-sobre-economia-cicles-formatius","status":"publish","type":"post","link":"https:\/\/agora.xtec.cat\/iesmarina\/general\/xerrada-sobre-economia-cicles-formatius\/","title":{"rendered":"Xerrada sobre economia &#8211; Cicles formatius"},"content":{"rendered":"<p>El dia 26 d&#8217;abril, els alumnes de 1er i 2on d&#8217;Administraci\u00f3 i Finances vam tenir l&#8217;oportunitat de gaudir d&#8217;una sessi\u00f3 del Programa Escola i Empresa organitzat pel FEMCAT realitzada pel\u00a0<strong>Sr. Carles Grau<\/strong>, ex-director general de Microsoft a Catalunya i amb una \u00e0mplia experi\u00e8ncia en el m\u00f3n de la innovaci\u00f3 i tecnologia, actualment \u00e9s partner a Konsac (consultora experta en gesti\u00f3 de talent) i responsable d&#8217;Innovaci\u00f3, Noves Tecnologies i Transformaci\u00f3 Digital.<\/p>\n<p>Els alumnes van poder xerrar i fer preguntes al Sr. Grau amb l&#8217;objectiu d&#8217;acostar el m\u00f3n professional a les aules. En aquest di\u00e0leg es va incidir en les activitats fonamentals que realitzen les empreses i les habilitats que ha de tenir un empresari (lideratge, disciplina, comprom\u00eds,etc.)<\/p>\n","protected":false},"excerpt":{"rendered":"<p>El dia 26 d&#8217;abril, els alumnes de 1er i 2on d&#8217;Administraci\u00f3 i Finances vam tenir l&#8217;oportunitat de gaudir d&#8217;una sessi\u00f3 del Programa Escola i Empresa organitzat pel FEMCAT realitzada pel\u00a0Sr. Carles Grau, ex-director general de Microsoft a Catalunya i amb una \u00e0mplia experi\u00e8ncia en el&hellip;  <a href=\"https:\/\/agora.xtec.cat\/iesmarina\/general\/xerrada-sobre-economia-cicles-formatius\/\" title=\"Read Xerrada sobre economia &#8211; Cicles formatius\">Llegeix m\u00e9s\u00bb<\/a><\/p>\n","protected":false},"author":2,"featured_media":727,"comment_status":"closed","ping_status":"closed","sticky":false,"template":"","format":"standard","meta":{"_bbp_topic_count":0,"_bbp_reply_count":0,"_bbp_total_topic_count":0,"_bbp_total_reply_count":0,"_bbp_voice_count":0,"_bbp_anonymous_reply_count":0,"_bbp_topic_count_hidden":0,"_bbp_reply_count_hidden":0,"_bbp_forum_subforum_count":0,"footnotes":""},"categories":[118,30,1,114,29],"tags":[104,58],"class_list":["post-726","post","type-post","status-publish","format-standard","has-post-thumbnail","hentry","category-fpgs-adm-i-finz","category-cicles-formatius","category-general","category-fpgm-adm","category-portada","tag-activitats","tag-tallers"],"post_mailing_queue_ids":[],"_links":{"self":[{"href":"https:\/\/agora.xtec.cat\/iesmarina\/wp-json\/wp\/v2\/posts\/726","targetHints":{"allow":["GET"]}}],"collection":[{"href":"https:\/\/agora.xtec.cat\/iesmarina\/wp-json\/wp\/v2\/posts"}],"about":[{"href":"https:\/\/agora.xtec.cat\/iesmarina\/wp-json\/wp\/v2\/types\/post"}],"author":[{"embeddable":true,"href":"https:\/\/agora.xtec.cat\/iesmarina\/wp-json\/wp\/v2\/users\/2"}],"replies":[{"embeddable":true,"href":"https:\/\/agora.xtec.cat\/iesmarina\/wp-json\/wp\/v2\/comments?post=726"}],"version-history":[{"count":3,"href":"https:\/\/agora.xtec.cat\/iesmarina\/wp-json\/wp\/v2\/posts\/726\/revisions"}],"predecessor-version":[{"id":1532,"href":"https:\/\/agora.xtec.cat\/iesmarina\/wp-json\/wp\/v2\/posts\/726\/revisions\/1532"}],"wp:featuredmedia":[{"embeddable":true,"href":"https:\/\/agora.xtec.cat\/iesmarina\/wp-json\/wp\/v2\/media\/727"}],"wp:attachment":[{"href":"https:\/\/agora.xtec.cat\/iesmarina\/wp-json\/wp\/v2\/media?parent=726"}],"wp:term":[{"taxonomy":"category","embeddable":true,"href":"https:\/\/agora.xtec.cat\/iesmarina\/wp-json\/wp\/v2\/categories?post=726"},{"taxonomy":"post_tag","embeddable":true,"href":"https:\/\/agora.xtec.cat\/iesmarina\/wp-json\/wp\/v2\/tags?post=726"}],"curies":[{"name":"wp","href":"https:\/\/api.w.org\/{rel}","templated":true}]}}