{"id":706,"date":"2017-05-17T11:18:44","date_gmt":"2017-05-17T09:18:44","guid":{"rendered":"http:\/\/agora.xtec.cat\/iesmarina\/?p=706"},"modified":"2018-04-03T11:26:21","modified_gmt":"2018-04-03T09:26:21","slug":"premi-de-recerca-jove-per-a-lana-martinez-alcocer","status":"publish","type":"post","link":"https:\/\/agora.xtec.cat\/iesmarina\/general\/premi-de-recerca-jove-per-a-lana-martinez-alcocer\/","title":{"rendered":"Premi de recerca jove per a l&#8217;ANNA MART\u00cdNEZ-ALCOCER"},"content":{"rendered":"<p>L\u2019Ana Mart\u00ednez-Alcocer, alumna de 2n de Batxillerat de l\u2019INS Marina durant el curs 2015-16, ha estat guardonada amb el Premi de Recerca Jove (PRJ) pel seu treball de recerca\u00a0<strong>\u201cInvestigaci\u00f3 amb<\/strong>\u00a0<strong>c\u00e8l\u00b7lules mare, aplicacions i l\u2019\u00fas en l\u2019estudi dels Trastorns de l\u2019Espectre Autista (TEA)\u201d.<\/strong>\u00a0Actualment l\u2019Ana \u00e9s estudiant de 1r de Biomedicina al campus Bellvitge de la UB.<\/p>\n<p>Aquests premis els organitza anualment l\u2019Ag\u00e8ncia de Gesti\u00f3 i Ajuts Universitaris (AGAUR)per fomentar l\u2019esperit cient\u00edfic entre els estudiants dels \u00faltims cursos de l\u2019ESO i del Batxillerat. L\u2019objectiu es recompensar l\u2019esfor\u00e7 dels alumnes i premiar els centres escolars que animen els estudiants a endinsar-se en la investigaci\u00f3 cient\u00edfica. Els premis es van lliurar a l\u2019Auditori de Barcelona el passat 22 d\u2019abril en una cerim\u00f2nia amb els principals representants de les institucions.<\/p>\n<p>Les imatges i tota la informaci\u00f3 es pot trobar al web dels PRJ\u00a0<a href=\"http:\/\/193.145.216.14\/imatges\" target=\"_blank\" rel=\"noopener noreferrer\">http:\/\/193.145.216.14\/imatges<\/a><\/p>\n","protected":false},"excerpt":{"rendered":"<p> L\u2019Ana Mart\u00ednez-Alcocer, alumna de 2n de Batxillerat de l\u2019INS Marina durant el curs 2015-16, ha estat guardonada amb el Premi de Recerca Jove (PRJ) pel seu treball de recerca \u201cInvestigaci\u00f3 amb c\u00e8l\u00b7lules mare, aplicacions i l\u2019\u00fas en l\u2019estudi dels Trastorns de l\u2019Espectre Autista (TEA)\u201d.&hellip;  <a href=\"https:\/\/agora.xtec.cat\/iesmarina\/general\/premi-de-recerca-jove-per-a-lana-martinez-alcocer\/\" title=\"Read Premi de recerca jove per a l&#8217;ANNA MART\u00cdNEZ-ALCOCER\">Llegeix m\u00e9s\u00bb<\/a><\/p>\n","protected":false},"author":2,"featured_media":707,"comment_status":"closed","ping_status":"closed","sticky":false,"template":"","format":"standard","meta":{"_bbp_topic_count":0,"_bbp_reply_count":0,"_bbp_total_topic_count":0,"_bbp_total_reply_count":0,"_bbp_voice_count":0,"_bbp_anonymous_reply_count":0,"_bbp_topic_count_hidden":0,"_bbp_reply_count_hidden":0,"_bbp_forum_subforum_count":0,"footnotes":""},"categories":[8,132,7,1,29],"tags":[161],"class_list":["post-706","post","type-post","status-publish","format-standard","has-post-thumbnail","hentry","category-batxillerat","category-ciencies_exper","category-eso-4","category-general","category-portada","tag-premis"],"post_mailing_queue_ids":[],"_links":{"self":[{"href":"https:\/\/agora.xtec.cat\/iesmarina\/wp-json\/wp\/v2\/posts\/706","targetHints":{"allow":["GET"]}}],"collection":[{"href":"https:\/\/agora.xtec.cat\/iesmarina\/wp-json\/wp\/v2\/posts"}],"about":[{"href":"https:\/\/agora.xtec.cat\/iesmarina\/wp-json\/wp\/v2\/types\/post"}],"author":[{"embeddable":true,"href":"https:\/\/agora.xtec.cat\/iesmarina\/wp-json\/wp\/v2\/users\/2"}],"replies":[{"embeddable":true,"href":"https:\/\/agora.xtec.cat\/iesmarina\/wp-json\/wp\/v2\/comments?post=706"}],"version-history":[{"count":3,"href":"https:\/\/agora.xtec.cat\/iesmarina\/wp-json\/wp\/v2\/posts\/706\/revisions"}],"predecessor-version":[{"id":1533,"href":"https:\/\/agora.xtec.cat\/iesmarina\/wp-json\/wp\/v2\/posts\/706\/revisions\/1533"}],"wp:featuredmedia":[{"embeddable":true,"href":"https:\/\/agora.xtec.cat\/iesmarina\/wp-json\/wp\/v2\/media\/707"}],"wp:attachment":[{"href":"https:\/\/agora.xtec.cat\/iesmarina\/wp-json\/wp\/v2\/media?parent=706"}],"wp:term":[{"taxonomy":"category","embeddable":true,"href":"https:\/\/agora.xtec.cat\/iesmarina\/wp-json\/wp\/v2\/categories?post=706"},{"taxonomy":"post_tag","embeddable":true,"href":"https:\/\/agora.xtec.cat\/iesmarina\/wp-json\/wp\/v2\/tags?post=706"}],"curies":[{"name":"wp","href":"https:\/\/api.w.org\/{rel}","templated":true}]}}