{"id":700,"date":"2017-06-13T10:49:32","date_gmt":"2017-06-13T08:49:32","guid":{"rendered":"http:\/\/agora.xtec.cat\/iesmarina\/?p=700"},"modified":"2018-04-03T11:26:05","modified_gmt":"2018-04-03T09:26:05","slug":"jornada-de-les-arts-2017","status":"publish","type":"post","link":"https:\/\/agora.xtec.cat\/iesmarina\/general\/jornada-de-les-arts-2017\/","title":{"rendered":"Jornada de les Arts 2017"},"content":{"rendered":"<p>Ha arribat el bon temps i amb ell el nostre projecte:\u00a0Les Jornades de les Arts.<\/p>\n<p>Ens mereixem unes bones vacances i els alumnes de 2n i 3r d\u2019ESO les volen comen\u00e7ar sorprenent les fam\u00edlies i els companys des de l\u2019escenari amb un c\u00f2ctel carregat de m\u00fasica, ball, color i moltes sorpreses m\u00e9s!<\/p>\n<p>Enguany viatjarem amb la companyia a\u00e8ria\u00a0<i>Marina Airlines<\/i>\u00a0que ens dur\u00e0 a fer la volta al m\u00f3n. Us esperem els dies 19 i 20 de juny al Centre Cultural de La Llagosta. Bon viatge! Buen viaje! Bon voyage! Good trip!<\/p>\n","protected":false},"excerpt":{"rendered":"<p>Ha arribat el bon temps i amb ell el nostre projecte:\u00a0Les Jornades de les Arts.<br \/>\nEns mereixem unes bones vacances i els alumnes de 2n i 3r d\u2019ESO les volen comen\u00e7ar sorprenent les fam\u00edlies i els companys des de l\u2019escenari amb un c\u00f2ctel carregat de m\u00fasica,&hellip;  <a href=\"https:\/\/agora.xtec.cat\/iesmarina\/general\/jornada-de-les-arts-2017\/\" title=\"Read Jornada de les Arts 2017\">Llegeix m\u00e9s\u00bb<\/a><\/p>\n","protected":false},"author":2,"featured_media":701,"comment_status":"closed","ping_status":"closed","sticky":false,"template":"","format":"standard","meta":{"_bbp_topic_count":0,"_bbp_reply_count":0,"_bbp_total_topic_count":0,"_bbp_total_reply_count":0,"_bbp_voice_count":0,"_bbp_anonymous_reply_count":0,"_bbp_topic_count_hidden":0,"_bbp_reply_count_hidden":0,"_bbp_forum_subforum_count":0,"footnotes":""},"categories":[137,1,142,29],"tags":[104,37],"class_list":["post-700","post","type-post","status-publish","format-standard","has-post-thumbnail","hentry","category-edu_vis_plas","category-general","category-musica","category-portada","tag-activitats","tag-audiovisuals"],"post_mailing_queue_ids":[],"_links":{"self":[{"href":"https:\/\/agora.xtec.cat\/iesmarina\/wp-json\/wp\/v2\/posts\/700","targetHints":{"allow":["GET"]}}],"collection":[{"href":"https:\/\/agora.xtec.cat\/iesmarina\/wp-json\/wp\/v2\/posts"}],"about":[{"href":"https:\/\/agora.xtec.cat\/iesmarina\/wp-json\/wp\/v2\/types\/post"}],"author":[{"embeddable":true,"href":"https:\/\/agora.xtec.cat\/iesmarina\/wp-json\/wp\/v2\/users\/2"}],"replies":[{"embeddable":true,"href":"https:\/\/agora.xtec.cat\/iesmarina\/wp-json\/wp\/v2\/comments?post=700"}],"version-history":[{"count":1,"href":"https:\/\/agora.xtec.cat\/iesmarina\/wp-json\/wp\/v2\/posts\/700\/revisions"}],"predecessor-version":[{"id":702,"href":"https:\/\/agora.xtec.cat\/iesmarina\/wp-json\/wp\/v2\/posts\/700\/revisions\/702"}],"wp:featuredmedia":[{"embeddable":true,"href":"https:\/\/agora.xtec.cat\/iesmarina\/wp-json\/wp\/v2\/media\/701"}],"wp:attachment":[{"href":"https:\/\/agora.xtec.cat\/iesmarina\/wp-json\/wp\/v2\/media?parent=700"}],"wp:term":[{"taxonomy":"category","embeddable":true,"href":"https:\/\/agora.xtec.cat\/iesmarina\/wp-json\/wp\/v2\/categories?post=700"},{"taxonomy":"post_tag","embeddable":true,"href":"https:\/\/agora.xtec.cat\/iesmarina\/wp-json\/wp\/v2\/tags?post=700"}],"curies":[{"name":"wp","href":"https:\/\/api.w.org\/{rel}","templated":true}]}}