{"id":563,"date":"2016-09-19T16:43:26","date_gmt":"2016-09-19T14:43:26","guid":{"rendered":"http:\/\/agora.xtec.cat\/iesmarina\/?p=563"},"modified":"2018-04-03T11:29:21","modified_gmt":"2018-04-03T09:29:21","slug":"nou-cicle-formatiu-electromedicina-clinica","status":"publish","type":"post","link":"https:\/\/agora.xtec.cat\/iesmarina\/general\/nou-cicle-formatiu-electromedicina-clinica\/","title":{"rendered":"Nou cicle formatiu: Electromedicina cl\u00ednica"},"content":{"rendered":"<pre class=\"title\"><\/pre>\n<p><a href=\"http:\/\/agora.xtec.cat\/iesmarina\/wp-content\/uploads\/usu123\/2017\/03\/nouCicleFormatir.jpg\"><img loading=\"lazy\" decoding=\"async\" class=\"alignnone size-full wp-image-564\" src=\"http:\/\/agora.xtec.cat\/iesmarina\/wp-content\/uploads\/usu123\/2017\/03\/nouCicleFormatir.jpg\" alt=\"noucicleformatir\" width=\"640\" height=\"480\" srcset=\"https:\/\/agora.xtec.cat\/iesmarina\/wp-content\/uploads\/usu123\/2017\/03\/nouCicleFormatir.jpg 640w, https:\/\/agora.xtec.cat\/iesmarina\/wp-content\/uploads\/usu123\/2017\/03\/nouCicleFormatir-300x225.jpg 300w, https:\/\/agora.xtec.cat\/iesmarina\/wp-content\/uploads\/usu123\/2017\/03\/nouCicleFormatir-200x150.jpg 200w\" sizes=\"auto, (max-width: 640px) 100vw, 640px\" \/><\/a><\/p>\n<p>El curs 2016-2017 comen\u00e7ar\u00e0 a l&#8217;Institut Marina el nou Cicle de Grau Superior <a href=\"http:\/\/www.institutmarina.cat\/estudis\/cicles-formatius\/electromedicina-clinica-cfgs\" target=\"_blank\" rel=\"noopener noreferrer\">Electromedicina Cl\u00ednica<\/a>.<\/p>\n<p>El t\u00e8cnic en Electromedicina \u00e9s una figura professional de la qual fa temps es demandava una formaci\u00f3 reglada des del sector. Per fi ha arribat i a Catalunya nom\u00e9s s&#8217;impartir\u00e0 a l&#8217;Institut Marina.<\/p>\n<p>Aquest cicle compta amb l&#8217;inter\u00e8s i el suport de les <a href=\"http:\/\/www.sisemed.com\/-\/la-nueva-formacion-profesional-en-electromedicina-inicia-su-andadura-con-el-maximo-respaldo-del-sector\">empreses del sector<\/a>.<\/p>\n","protected":false},"excerpt":{"rendered":"<p>El curs 2016-2017 comen\u00e7ar\u00e0 a l&#8217;Institut Marina el nou Cicle de Grau Superior Electromedicina Cl\u00ednica.&hellip;  <a href=\"https:\/\/agora.xtec.cat\/iesmarina\/general\/nou-cicle-formatiu-electromedicina-clinica\/\" title=\"Read Nou cicle formatiu: Electromedicina cl\u00ednica\">Llegeix m\u00e9s\u00bb<\/a><\/p>\n","protected":false},"author":2,"featured_media":564,"comment_status":"closed","ping_status":"closed","sticky":false,"template":"","format":"standard","meta":{"_bbp_topic_count":0,"_bbp_reply_count":0,"_bbp_total_topic_count":0,"_bbp_total_reply_count":0,"_bbp_voice_count":0,"_bbp_anonymous_reply_count":0,"_bbp_topic_count_hidden":0,"_bbp_reply_count_hidden":0,"_bbp_forum_subforum_count":0,"footnotes":""},"categories":[145,1,29],"tags":[179],"class_list":["post-563","post","type-post","status-publish","format-standard","has-post-thumbnail","hentry","category-electri_electron","category-general","category-portada","tag-informacions"],"post_mailing_queue_ids":[],"_links":{"self":[{"href":"https:\/\/agora.xtec.cat\/iesmarina\/wp-json\/wp\/v2\/posts\/563","targetHints":{"allow":["GET"]}}],"collection":[{"href":"https:\/\/agora.xtec.cat\/iesmarina\/wp-json\/wp\/v2\/posts"}],"about":[{"href":"https:\/\/agora.xtec.cat\/iesmarina\/wp-json\/wp\/v2\/types\/post"}],"author":[{"embeddable":true,"href":"https:\/\/agora.xtec.cat\/iesmarina\/wp-json\/wp\/v2\/users\/2"}],"replies":[{"embeddable":true,"href":"https:\/\/agora.xtec.cat\/iesmarina\/wp-json\/wp\/v2\/comments?post=563"}],"version-history":[{"count":3,"href":"https:\/\/agora.xtec.cat\/iesmarina\/wp-json\/wp\/v2\/posts\/563\/revisions"}],"predecessor-version":[{"id":1155,"href":"https:\/\/agora.xtec.cat\/iesmarina\/wp-json\/wp\/v2\/posts\/563\/revisions\/1155"}],"wp:featuredmedia":[{"embeddable":true,"href":"https:\/\/agora.xtec.cat\/iesmarina\/wp-json\/wp\/v2\/media\/564"}],"wp:attachment":[{"href":"https:\/\/agora.xtec.cat\/iesmarina\/wp-json\/wp\/v2\/media?parent=563"}],"wp:term":[{"taxonomy":"category","embeddable":true,"href":"https:\/\/agora.xtec.cat\/iesmarina\/wp-json\/wp\/v2\/categories?post=563"},{"taxonomy":"post_tag","embeddable":true,"href":"https:\/\/agora.xtec.cat\/iesmarina\/wp-json\/wp\/v2\/tags?post=563"}],"curies":[{"name":"wp","href":"https:\/\/api.w.org\/{rel}","templated":true}]}}