{"id":2194,"date":"2018-04-06T18:10:23","date_gmt":"2018-04-06T16:10:23","guid":{"rendered":"http:\/\/agora.xtec.cat\/iesmarina\/?p=2194"},"modified":"2018-04-06T18:10:23","modified_gmt":"2018-04-06T16:10:23","slug":"erasmus-jornada-de-difusio-a-les-escoles-de-primaria","status":"publish","type":"post","link":"https:\/\/agora.xtec.cat\/iesmarina\/general\/erasmus-jornada-de-difusio-a-les-escoles-de-primaria\/","title":{"rendered":"Erasmus: Jornada de difusi\u00f3 a les escoles de prim\u00e0ria"},"content":{"rendered":"<p>El passat 23 de febrer va tenir lloc al Jornada de Difusi\u00f3 Erasmus Plus a tres escoles de prim\u00e0ria, Les Planes, Joan Maragall i Sagrada Fam\u00edlia. Els alumnes i professors que participen en els projectes europeus van visitar els alumnes de 6\u00e8  per explicar-los la seva experi\u00e8ncia en les diferents mobilitats a diversos pa\u00efsos d&#8217;Europa.<\/p>\n<p>La trobada amb antics professors de prim\u00e0ria va ser molt emocionant pels nostres alumnes, que van fer un paper excel\u00b7lent representant el nostre centre i donant detalls dels tres projectes que portem enguany. Aqu\u00ed us deixem algunes imatges.<\/p>\n","protected":false},"excerpt":{"rendered":"<p>El passat 23 de febrer va tenir lloc al Jornada de Difusi\u00f3 Erasmus Plus a tres escoles de prim\u00e0ria, Les Planes, Joan Maragall i Sagrada Fam\u00edlia. Els alumnes i professors que participen en els projectes europeus van visitar els alumnes de 6\u00e8  per explicar-los&hellip;  <a href=\"https:\/\/agora.xtec.cat\/iesmarina\/general\/erasmus-jornada-de-difusio-a-les-escoles-de-primaria\/\" title=\"Read Erasmus: Jornada de difusi\u00f3 a les escoles de prim\u00e0ria\">Llegeix m\u00e9s\u00bb<\/a><\/p>\n","protected":false},"author":1,"featured_media":2195,"comment_status":"closed","ping_status":"closed","sticky":false,"template":"","format":"standard","meta":{"_bbp_topic_count":0,"_bbp_reply_count":0,"_bbp_total_topic_count":0,"_bbp_total_reply_count":0,"_bbp_voice_count":0,"_bbp_anonymous_reply_count":0,"_bbp_topic_count_hidden":0,"_bbp_reply_count_hidden":0,"_bbp_forum_subforum_count":0,"footnotes":""},"categories":[8,3,1,136,29],"tags":[],"class_list":["post-2194","post","type-post","status-publish","format-standard","has-post-thumbnail","hentry","category-batxillerat","category-eso","category-general","category-ll_estrangeres","category-portada"],"post_mailing_queue_ids":[],"_links":{"self":[{"href":"https:\/\/agora.xtec.cat\/iesmarina\/wp-json\/wp\/v2\/posts\/2194","targetHints":{"allow":["GET"]}}],"collection":[{"href":"https:\/\/agora.xtec.cat\/iesmarina\/wp-json\/wp\/v2\/posts"}],"about":[{"href":"https:\/\/agora.xtec.cat\/iesmarina\/wp-json\/wp\/v2\/types\/post"}],"author":[{"embeddable":true,"href":"https:\/\/agora.xtec.cat\/iesmarina\/wp-json\/wp\/v2\/users\/1"}],"replies":[{"embeddable":true,"href":"https:\/\/agora.xtec.cat\/iesmarina\/wp-json\/wp\/v2\/comments?post=2194"}],"version-history":[{"count":1,"href":"https:\/\/agora.xtec.cat\/iesmarina\/wp-json\/wp\/v2\/posts\/2194\/revisions"}],"predecessor-version":[{"id":2196,"href":"https:\/\/agora.xtec.cat\/iesmarina\/wp-json\/wp\/v2\/posts\/2194\/revisions\/2196"}],"wp:featuredmedia":[{"embeddable":true,"href":"https:\/\/agora.xtec.cat\/iesmarina\/wp-json\/wp\/v2\/media\/2195"}],"wp:attachment":[{"href":"https:\/\/agora.xtec.cat\/iesmarina\/wp-json\/wp\/v2\/media?parent=2194"}],"wp:term":[{"taxonomy":"category","embeddable":true,"href":"https:\/\/agora.xtec.cat\/iesmarina\/wp-json\/wp\/v2\/categories?post=2194"},{"taxonomy":"post_tag","embeddable":true,"href":"https:\/\/agora.xtec.cat\/iesmarina\/wp-json\/wp\/v2\/tags?post=2194"}],"curies":[{"name":"wp","href":"https:\/\/api.w.org\/{rel}","templated":true}]}}