{"id":2139,"date":"2018-03-23T14:43:34","date_gmt":"2018-03-23T13:43:34","guid":{"rendered":"http:\/\/agora.xtec.cat\/iesmarina\/?p=2139"},"modified":"2018-04-06T18:25:19","modified_gmt":"2018-04-06T16:25:19","slug":"erasmus-let-the-science-discover-us","status":"publish","type":"post","link":"https:\/\/agora.xtec.cat\/iesmarina\/general\/erasmus-let-the-science-discover-us\/","title":{"rendered":"Erasmus+ Let the science discover us"},"content":{"rendered":"<p>Del 26 de Febrer al 2 de mar\u00e7 ens va visitar el grup de coordinadors i professors de\u00a0ci\u00e8ncies\u00a0que participen al projecte\u00a0Erasmus+\u00a0Let the science discover\u00a0us\u00a0per compartir, parlar i\u00a0arribar\u00a0a un acord sobre\u00a0les millors metodologies i recursos per tractar els problemes dels adolescents durant les lli\u00e7ons de ci\u00e8ncies.<\/p>\n<p>Durant aquests dies de mobilitat a l\u2019INS Marina, Mireia\u00a0Cubero,\u00a0psic\u00f2loga i coach, ens va visitar per fer un taller per tal de millorar les nostres pr\u00e0ctiques com a mestres .Va ser un taller molt interessant i profit\u00f3s per a tots nosaltres!\u00a0\u00a0Per altra banda, vam fer reunions on vam compartir els punts de vista\u00a0metodol\u00f2gics\u00a0a\u00a0ci\u00e8ncies\u00a0dels diferents paisos, aix\u00ed\u00a0com\u00a0els nostres requisits de Curr\u00edculum,\u00a0amb els companys\u00a0de\u00a0Rep\u00fablica Txeca, Turquia, Hongria i It\u00e0lia que van ser acollits\u00a0La\u00a0Llagosta\u00a0per participar no nom\u00e8s a les activitats del projecte sino tamb\u00e9 a la vida di\u00e0ria del poble.<\/p>\n<p>Com a complementari a l&#8217;activitat acad\u00e8mica, vam convidar els nostres companys a visitar l&#8217;Acad\u00e8mia Reial de Medicina i l&#8217;Acad\u00e8mia Reial de Ci\u00e8ncies i Arts, a Barcelona. Vam gaudir d&#8217;aquestes visites on vam observar la col\u00b7lecci\u00f3 d&#8217;instruments, la col\u00b7lecci\u00f3 de rellotges, l&#8217;equipament astron\u00f2mic aix\u00ed com el meteorol\u00f2gic i\u00a0s\u00edsmic.<\/p>\n\r\n\t<div class=\"slideshow_container slideshow_container_style-light\" style=\"height: 300px; \" data-slideshow-id=\"2146\" data-style-name=\"style-light\" data-style-version=\"2.3.1\" >\r\n\r\n\t\t\t\t\t<div class=\"slideshow_loading_icon\"><\/div>\r\n\t\t\r\n\t\t<div class=\"slideshow_content\" style=\"display: none;\">\r\n\r\n\t\t\t<div class=\"slideshow_view\">\r\n\t\t\t\t<div class=\"slideshow_slide slideshow_slide_image\">\r\n\t\t\t\t\t\t\t\t\t\t\t<img src=\"https:\/\/agora.xtec.cat\/iesmarina\/wp-content\/uploads\/usu123\/2018\/03\/Foto0276-e1520364160590.jpg\" alt=\"Foto0276\" width=\"533\" height=\"400\" \/>\r\n\t\t\t\t\t\t\t\t\t\t<div class=\"slideshow_description_box slideshow_transparent\">\r\n\t\t\t\t\t\t<div class=\"slideshow_title\">Foto0276<\/div>\t\t\t\t\t\t\t\t\t\t\t<\/div>\r\n\t\t\t\t<\/div>\r\n\r\n\t\t\t\t\t\t<div style=\"clear: both;\"><\/div><\/div><div class=\"slideshow_view\">\r\n\t\t\t\t<div class=\"slideshow_slide slideshow_slide_image\">\r\n\t\t\t\t\t\t\t\t\t\t\t<img src=\"https:\/\/agora.xtec.cat\/iesmarina\/wp-content\/uploads\/usu123\/2018\/03\/Concurs-literari-foto-petita.jpg\" alt=\"Concurs literari foto petita\" width=\"699\" height=\"498\" \/>\r\n\t\t\t\t\t\t\t\t\t\t<div class=\"slideshow_description_box slideshow_transparent\">\r\n\t\t\t\t\t\t<div class=\"slideshow_title\">Concurs literari foto petita<\/div>\t\t\t\t\t\t\t\t\t\t\t<\/div>\r\n\t\t\t\t<\/div>\r\n\r\n\t\t\t\t\t\t<div style=\"clear: both;\"><\/div><\/div><div class=\"slideshow_view\">\t<div style=\"clear: both;\"><\/div><\/div><div class=\"slideshow_view\">\t<div style=\"clear: both;\"><\/div><\/div><div class=\"slideshow_view\">\t<div style=\"clear: both;\"><\/div><\/div><div class=\"slideshow_view\">\t<div style=\"clear: both;\"><\/div><\/div><div class=\"slideshow_view\">\t<div style=\"clear: both;\"><\/div><\/div><div class=\"slideshow_view\">\t<div style=\"clear: both;\"><\/div><\/div>\r\n\t\t<\/div>\r\n\r\n\t\t<div class=\"slideshow_controlPanel slideshow_transparent\" style=\"display: none;\"><ul><li class=\"slideshow_togglePlay\" data-play-text=\"Visualitza\" data-pause-text=\"Pausa\"><\/li><\/ul><\/div>\r\n\r\n\t\t<div class=\"slideshow_button slideshow_previous slideshow_transparent\" role=\"button\" data-previous-text=\"Anterior\" style=\"display: none;\"><\/div>\r\n\t\t<div class=\"slideshow_button slideshow_next slideshow_transparent\" role=\"button\" data-next-text=\"Seg\u00fcent\" style=\"display: none;\"><\/div>\r\n\r\n\t\t<div class=\"slideshow_pagination\" style=\"display: none;\" data-go-to-text=\"V\u00e9s a la diapositiva\"><div class=\"slideshow_pagination_center\"><\/div><\/div>\r\n\r\n\t\t<!-- WordPress Slideshow Version 2.3.1 -->\r\n\r\n\t\t\t<\/div>\r\n\r\n\n","protected":false},"excerpt":{"rendered":"<p>Del 26 de Febrer al 2 de mar\u00e7 ens va visitar el grup de coordinadors i professors de\u00a0ci\u00e8ncies\u00a0que participen al projecte\u00a0Erasmus+\u00a0Let the science discover\u00a0us\u00a0per compartir, parlar i\u00a0arribar\u00a0a un acord sobre\u00a0les millors metodologies i recursos per tractar els problemes dels adolescents durant les lli\u00e7ons de ci\u00e8ncies.<br \/>\nDurant&hellip;  <a href=\"https:\/\/agora.xtec.cat\/iesmarina\/general\/erasmus-let-the-science-discover-us\/\" title=\"Read Erasmus+ Let the science discover us\">Llegeix m\u00e9s\u00bb<\/a><\/p>\n","protected":false},"author":1,"featured_media":2207,"comment_status":"closed","ping_status":"closed","sticky":false,"template":"","format":"standard","meta":{"_bbp_topic_count":0,"_bbp_reply_count":0,"_bbp_total_topic_count":0,"_bbp_total_reply_count":0,"_bbp_voice_count":0,"_bbp_anonymous_reply_count":0,"_bbp_topic_count_hidden":0,"_bbp_reply_count_hidden":0,"_bbp_forum_subforum_count":0,"footnotes":""},"categories":[1,29],"tags":[105],"class_list":["post-2139","post","type-post","status-publish","format-standard","has-post-thumbnail","hentry","category-general","category-portada","tag-erasmus"],"post_mailing_queue_ids":[],"_links":{"self":[{"href":"https:\/\/agora.xtec.cat\/iesmarina\/wp-json\/wp\/v2\/posts\/2139","targetHints":{"allow":["GET"]}}],"collection":[{"href":"https:\/\/agora.xtec.cat\/iesmarina\/wp-json\/wp\/v2\/posts"}],"about":[{"href":"https:\/\/agora.xtec.cat\/iesmarina\/wp-json\/wp\/v2\/types\/post"}],"author":[{"embeddable":true,"href":"https:\/\/agora.xtec.cat\/iesmarina\/wp-json\/wp\/v2\/users\/1"}],"replies":[{"embeddable":true,"href":"https:\/\/agora.xtec.cat\/iesmarina\/wp-json\/wp\/v2\/comments?post=2139"}],"version-history":[{"count":3,"href":"https:\/\/agora.xtec.cat\/iesmarina\/wp-json\/wp\/v2\/posts\/2139\/revisions"}],"predecessor-version":[{"id":2182,"href":"https:\/\/agora.xtec.cat\/iesmarina\/wp-json\/wp\/v2\/posts\/2139\/revisions\/2182"}],"wp:featuredmedia":[{"embeddable":true,"href":"https:\/\/agora.xtec.cat\/iesmarina\/wp-json\/wp\/v2\/media\/2207"}],"wp:attachment":[{"href":"https:\/\/agora.xtec.cat\/iesmarina\/wp-json\/wp\/v2\/media?parent=2139"}],"wp:term":[{"taxonomy":"category","embeddable":true,"href":"https:\/\/agora.xtec.cat\/iesmarina\/wp-json\/wp\/v2\/categories?post=2139"},{"taxonomy":"post_tag","embeddable":true,"href":"https:\/\/agora.xtec.cat\/iesmarina\/wp-json\/wp\/v2\/tags?post=2139"}],"curies":[{"name":"wp","href":"https:\/\/api.w.org\/{rel}","templated":true}]}}