{"id":2123,"date":"2018-03-14T13:32:27","date_gmt":"2018-03-14T12:32:27","guid":{"rendered":"http:\/\/agora.xtec.cat\/iesmarina\/?p=2123"},"modified":"2018-04-03T11:21:40","modified_gmt":"2018-04-03T09:21:40","slug":"4-9tq4tu5y","status":"publish","type":"post","link":"https:\/\/agora.xtec.cat\/iesmarina\/general\/4-9tq4tu5y\/","title":{"rendered":"XXIII Concurs literari de Sant Jordi"},"content":{"rendered":"<p>Amb motiu de la diada de Sant Jordi i per tal de fomentar la creaci\u00f3 liter\u00e0ria entre l\u2019alumnat de l\u2019Institut Marina de la Llagosta es convoca, per vint-i-tres\u00e8 any consecutiu, el concurs literari de Sant Jordi. Aquest certamen compta amb la col\u00b7laboraci\u00f3 de l\u2019Ajuntament de la Llagosta i de l\u00b4AMPA de l\u00b4institut.<\/p>\n<p>Han passat 200 anys des que Mary Shelley va construir la hist\u00f2ria de l\u2019\u00e9sser terror\u00edfic i el seu creador. Amb nom\u00e9s 18 anys, l\u2019escriptora anglesa va crear un dels mites moderns m\u00e9s poderosos de la literatura: Frankenstein. Shelley va atorgar una vida perdurable al seu c\u00e8lebre monstre, que amb la seva multiplicitat org\u00e0nica acabaria esdevenint un mite fonamental de la nova societat contempor\u00e0nia.<\/p>\n<p>L\u2019ombra de l\u2019\u00e9sser creat pel Dr. V\u00edctor Frankenstein segueix projectant-se amb for\u00e7a sobre una societat incapa\u00e7 d\u2019assumir la difer\u00e8ncia i un m\u00f3n que viu lligat als aven\u00e7os cient\u00edfics i tecnol\u00f2gics.<\/p>\n<p>Per recordar aquest gran monstre i tamb\u00e9 per reivindicar el paper de grans dones com Mary Shelley en la literatura universal, proposem que la tem\u00e0tica i els eixos vertebradors dels treballs que es presentin al Concurs Literari d\u2019enguany siguin el terror, el misteri i la ci\u00e8ncia-ficci\u00f3.<\/p>\n<p>Podeu accedir a les bases escanejant el codi QR o clicant <a href=\"https:\/\/drive.google.com\/file\/d\/1IAIZI8Z6bE66mGOfsEjelNSjdwH7XgdK\/view\" target=\"_blank\" rel=\"noopener noreferrer\">aqu\u00ed.<\/a><\/p>\n","protected":false},"excerpt":{"rendered":"<p>Amb motiu de la diada de Sant Jordi i per tal de fomentar la creaci\u00f3 liter\u00e0ria entre l\u2019alumnat de l\u2019Institut Marina de la Llagosta es convoca, per vint-i-tres\u00e8 any consecutiu, el concurs literari de Sant Jordi. Aquest certamen compta amb la col\u00b7laboraci\u00f3 de l\u2019Ajuntament de&hellip;  <a href=\"https:\/\/agora.xtec.cat\/iesmarina\/general\/4-9tq4tu5y\/\" title=\"Read XXIII Concurs literari de Sant Jordi\">Llegeix m\u00e9s\u00bb<\/a><\/p>\n","protected":false},"author":1,"featured_media":2127,"comment_status":"closed","ping_status":"closed","sticky":false,"template":"","format":"standard","meta":{"_bbp_topic_count":0,"_bbp_reply_count":0,"_bbp_total_topic_count":0,"_bbp_total_reply_count":0,"_bbp_voice_count":0,"_bbp_anonymous_reply_count":0,"_bbp_topic_count_hidden":0,"_bbp_reply_count_hidden":0,"_bbp_forum_subforum_count":0,"footnotes":""},"categories":[1,29],"tags":[158],"class_list":["post-2123","post","type-post","status-publish","format-standard","has-post-thumbnail","hentry","category-general","category-portada","tag-concurs"],"post_mailing_queue_ids":[],"_links":{"self":[{"href":"https:\/\/agora.xtec.cat\/iesmarina\/wp-json\/wp\/v2\/posts\/2123","targetHints":{"allow":["GET"]}}],"collection":[{"href":"https:\/\/agora.xtec.cat\/iesmarina\/wp-json\/wp\/v2\/posts"}],"about":[{"href":"https:\/\/agora.xtec.cat\/iesmarina\/wp-json\/wp\/v2\/types\/post"}],"author":[{"embeddable":true,"href":"https:\/\/agora.xtec.cat\/iesmarina\/wp-json\/wp\/v2\/users\/1"}],"replies":[{"embeddable":true,"href":"https:\/\/agora.xtec.cat\/iesmarina\/wp-json\/wp\/v2\/comments?post=2123"}],"version-history":[{"count":3,"href":"https:\/\/agora.xtec.cat\/iesmarina\/wp-json\/wp\/v2\/posts\/2123\/revisions"}],"predecessor-version":[{"id":2128,"href":"https:\/\/agora.xtec.cat\/iesmarina\/wp-json\/wp\/v2\/posts\/2123\/revisions\/2128"}],"wp:featuredmedia":[{"embeddable":true,"href":"https:\/\/agora.xtec.cat\/iesmarina\/wp-json\/wp\/v2\/media\/2127"}],"wp:attachment":[{"href":"https:\/\/agora.xtec.cat\/iesmarina\/wp-json\/wp\/v2\/media?parent=2123"}],"wp:term":[{"taxonomy":"category","embeddable":true,"href":"https:\/\/agora.xtec.cat\/iesmarina\/wp-json\/wp\/v2\/categories?post=2123"},{"taxonomy":"post_tag","embeddable":true,"href":"https:\/\/agora.xtec.cat\/iesmarina\/wp-json\/wp\/v2\/tags?post=2123"}],"curies":[{"name":"wp","href":"https:\/\/api.w.org\/{rel}","templated":true}]}}