{"id":2092,"date":"2009-01-31T20:24:45","date_gmt":"2009-01-31T19:24:45","guid":{"rendered":"http:\/\/agora.xtec.cat\/iesmarina\/?p=2092"},"modified":"2018-03-06T20:27:19","modified_gmt":"2018-03-06T19:27:19","slug":"lies-marina-visita-tv3","status":"publish","type":"post","link":"https:\/\/agora.xtec.cat\/iesmarina\/general\/lies-marina-visita-tv3\/","title":{"rendered":"L&#8217;IES Marina visita TV3"},"content":{"rendered":"<p>Una quarantena d&#8217;alumnes de l&#8217;IES Marina de 3r i 4t d&#8217;ESO i de 1r i 2n de batxillerat varen assistir el mes de desembre passat com a p\u00fablic a l&#8217;enregistrament d&#8217;un dels programes de l&#8217;OIKMENTNS, presentat per Roger de Gr\u00e0cia. El programa, que s&#8217;ha d&#8217;emetre properament, ens va tenir al plat\u00f3 de Sant Joan Desp\u00ed unes tres hores parlant d&#8217;un dels temes que m\u00e9s preocupa els nostres alumnes: el sexe. A banda d&#8217;aquest programa en concret, els nostres alumnes tamb\u00e9 surten parlant d&#8217;altres temes en altres OIKMENTNS perqu\u00e8 TV3 es va despla\u00e7ar al nostre centre per enregistrar un total de 20 alumnes per tractar temes ben diversos: la fam\u00edlia, l&#8217;institut, els professors, la feina, etc.<\/p>\n","protected":false},"excerpt":{"rendered":"<p>Una quarantena d&#8217;alumnes de l&#8217;IES Marina de 3r i 4t d&#8217;ESO i de 1r i 2n de batxillerat varen assistir el mes de desembre passat com a p\u00fablic a l&#8217;enregistrament d&#8217;un dels programes de l&#8217;OIKMENTNS, presentat per Roger de Gr\u00e0cia. El programa, que s&#8217;ha d&#8217;emetre&hellip;  <a href=\"https:\/\/agora.xtec.cat\/iesmarina\/general\/lies-marina-visita-tv3\/\" title=\"Read L&#8217;IES Marina visita TV3\">Llegeix m\u00e9s\u00bb<\/a><\/p>\n","protected":false},"author":1,"featured_media":2093,"comment_status":"closed","ping_status":"closed","sticky":false,"template":"","format":"standard","meta":{"_bbp_topic_count":0,"_bbp_reply_count":0,"_bbp_total_topic_count":0,"_bbp_total_reply_count":0,"_bbp_voice_count":0,"_bbp_anonymous_reply_count":0,"_bbp_topic_count_hidden":0,"_bbp_reply_count_hidden":0,"_bbp_forum_subforum_count":0,"footnotes":""},"categories":[6,7,1,134,29],"tags":[39],"class_list":["post-2092","post","type-post","status-publish","format-standard","has-post-thumbnail","hentry","category-eso-3","category-eso-4","category-general","category-ll_catala","category-portada","tag-sortides"],"post_mailing_queue_ids":[],"_links":{"self":[{"href":"https:\/\/agora.xtec.cat\/iesmarina\/wp-json\/wp\/v2\/posts\/2092","targetHints":{"allow":["GET"]}}],"collection":[{"href":"https:\/\/agora.xtec.cat\/iesmarina\/wp-json\/wp\/v2\/posts"}],"about":[{"href":"https:\/\/agora.xtec.cat\/iesmarina\/wp-json\/wp\/v2\/types\/post"}],"author":[{"embeddable":true,"href":"https:\/\/agora.xtec.cat\/iesmarina\/wp-json\/wp\/v2\/users\/1"}],"replies":[{"embeddable":true,"href":"https:\/\/agora.xtec.cat\/iesmarina\/wp-json\/wp\/v2\/comments?post=2092"}],"version-history":[{"count":1,"href":"https:\/\/agora.xtec.cat\/iesmarina\/wp-json\/wp\/v2\/posts\/2092\/revisions"}],"predecessor-version":[{"id":2094,"href":"https:\/\/agora.xtec.cat\/iesmarina\/wp-json\/wp\/v2\/posts\/2092\/revisions\/2094"}],"wp:featuredmedia":[{"embeddable":true,"href":"https:\/\/agora.xtec.cat\/iesmarina\/wp-json\/wp\/v2\/media\/2093"}],"wp:attachment":[{"href":"https:\/\/agora.xtec.cat\/iesmarina\/wp-json\/wp\/v2\/media?parent=2092"}],"wp:term":[{"taxonomy":"category","embeddable":true,"href":"https:\/\/agora.xtec.cat\/iesmarina\/wp-json\/wp\/v2\/categories?post=2092"},{"taxonomy":"post_tag","embeddable":true,"href":"https:\/\/agora.xtec.cat\/iesmarina\/wp-json\/wp\/v2\/tags?post=2092"}],"curies":[{"name":"wp","href":"https:\/\/api.w.org\/{rel}","templated":true}]}}