{"id":2081,"date":"2009-02-18T20:09:02","date_gmt":"2009-02-18T19:09:02","guid":{"rendered":"http:\/\/agora.xtec.cat\/iesmarina\/?p=2081"},"modified":"2018-03-07T09:15:58","modified_gmt":"2018-03-07T08:15:58","slug":"establint-contactes","status":"publish","type":"post","link":"https:\/\/agora.xtec.cat\/iesmarina\/general\/establint-contactes\/","title":{"rendered":"Establint contactes"},"content":{"rendered":"<p>&nbsp;<\/p>\n<p>Aquest curs hem iniciat a 4t. d&#8217;ESO una experi\u00e8ncia nova. Els alumnes dels grups A, B i C ens hem posat en contacte amb alumnes d&#8217;un altre centre, en concret, els alumnes de 3r. i 4t. d&#8217;ESO de Sant Quirze de Besora. L&#8217;objectiu \u00e9s compartir opinions i experi\u00e8ncies i con\u00e8ixer gent nova, i, aix\u00f2 s\u00ed, fer-ho en catal\u00e0!<\/p>\n<p>Per fer-ho hem hagut d&#8217;omplir un mateix q\u00fcestionari sobre els nostre gustos i les aficions. Amb aquesta informaci\u00f3, i una mica d&#8217;intu\u00efci\u00f3, la Isabel i el Ricard, els profes, han fet les parelles. Tothom t\u00e9, doncs, l&#8217;adre\u00e7a de correu d&#8217;un company o companya de l&#8217;altra centre amb qui poder intercanviar correus electr\u00f2nics sobre determinats temes que treballarem a l&#8217;aula.<\/p>\n<p>Era gaireb\u00e9 obligat comen\u00e7ar amb un primer missatge de presentaci\u00f3: qui som, com som, qu\u00e8 ens agrada&#8230; A la p\u00e0gina web del centre penjarem unes quantes fotos on se&#8217;ns veu davant l&#8217;ordinador, perqu\u00e8 quedi const\u00e0ncia de l&#8217;inici de l&#8217;experi\u00e8ncia i que es vegi tamb\u00e9 com treballem. Ens agradaria poder organitzar, m\u00e9s endavant, una trobada Sant Quirze\/La Llagosta on ens pogu\u00e9ssim con\u00e8ixer personalment. Mentrestant, ens haurem d&#8217;acontentar amb les fotos per saber quina cara fem.<\/p>\n","protected":false},"excerpt":{"rendered":"<p>&nbsp;<br \/>\nAquest curs hem iniciat a 4t. d&#8217;ESO una experi\u00e8ncia nova. Els alumnes dels grups A, B i C ens hem posat en contacte amb alumnes d&#8217;un altre centre, en concret, els alumnes de 3r. i 4t. d&#8217;ESO de Sant Quirze de Besora. L&#8217;objectiu \u00e9s compartir&hellip;  <a href=\"https:\/\/agora.xtec.cat\/iesmarina\/general\/establint-contactes\/\" title=\"Read Establint contactes\">Llegeix m\u00e9s\u00bb<\/a><\/p>\n","protected":false},"author":1,"featured_media":2082,"comment_status":"closed","ping_status":"closed","sticky":false,"template":"","format":"standard","meta":{"_bbp_topic_count":0,"_bbp_reply_count":0,"_bbp_total_topic_count":0,"_bbp_total_reply_count":0,"_bbp_voice_count":0,"_bbp_anonymous_reply_count":0,"_bbp_topic_count_hidden":0,"_bbp_reply_count_hidden":0,"_bbp_forum_subforum_count":0,"footnotes":""},"categories":[3,6,7,1,29],"tags":[104],"class_list":["post-2081","post","type-post","status-publish","format-standard","has-post-thumbnail","hentry","category-eso","category-eso-3","category-eso-4","category-general","category-portada","tag-activitats"],"post_mailing_queue_ids":[],"_links":{"self":[{"href":"https:\/\/agora.xtec.cat\/iesmarina\/wp-json\/wp\/v2\/posts\/2081","targetHints":{"allow":["GET"]}}],"collection":[{"href":"https:\/\/agora.xtec.cat\/iesmarina\/wp-json\/wp\/v2\/posts"}],"about":[{"href":"https:\/\/agora.xtec.cat\/iesmarina\/wp-json\/wp\/v2\/types\/post"}],"author":[{"embeddable":true,"href":"https:\/\/agora.xtec.cat\/iesmarina\/wp-json\/wp\/v2\/users\/1"}],"replies":[{"embeddable":true,"href":"https:\/\/agora.xtec.cat\/iesmarina\/wp-json\/wp\/v2\/comments?post=2081"}],"version-history":[{"count":2,"href":"https:\/\/agora.xtec.cat\/iesmarina\/wp-json\/wp\/v2\/posts\/2081\/revisions"}],"predecessor-version":[{"id":2095,"href":"https:\/\/agora.xtec.cat\/iesmarina\/wp-json\/wp\/v2\/posts\/2081\/revisions\/2095"}],"wp:featuredmedia":[{"embeddable":true,"href":"https:\/\/agora.xtec.cat\/iesmarina\/wp-json\/wp\/v2\/media\/2082"}],"wp:attachment":[{"href":"https:\/\/agora.xtec.cat\/iesmarina\/wp-json\/wp\/v2\/media?parent=2081"}],"wp:term":[{"taxonomy":"category","embeddable":true,"href":"https:\/\/agora.xtec.cat\/iesmarina\/wp-json\/wp\/v2\/categories?post=2081"},{"taxonomy":"post_tag","embeddable":true,"href":"https:\/\/agora.xtec.cat\/iesmarina\/wp-json\/wp\/v2\/tags?post=2081"}],"curies":[{"name":"wp","href":"https:\/\/api.w.org\/{rel}","templated":true}]}}