{"id":2074,"date":"2009-02-01T20:00:37","date_gmt":"2009-02-01T19:00:37","guid":{"rendered":"http:\/\/agora.xtec.cat\/iesmarina\/?p=2074"},"modified":"2018-03-06T20:04:30","modified_gmt":"2018-03-06T19:04:30","slug":"encara-som-aqui","status":"publish","type":"post","link":"https:\/\/agora.xtec.cat\/iesmarina\/general\/encara-som-aqui\/","title":{"rendered":"Encara som aqu\u00ed!"},"content":{"rendered":"<p>Aquest \u00e9s el t\u00edtol de la xerrada que dos integrants de la xarxa Trenkal\u00f2s varen fer als alumnes de 2n d&#8217;ESO per conscienciar-los de les conseq\u00fc\u00e8ncies de la guerra dels Balcans 13 anys despr\u00e9s. Aquest any, els alumnes de 2n estan inscrits al concurs EL GUST PER LA LECTURA del Dept. d&#8217;Educaci\u00f3 i per aix\u00f2 han llegit Hist\u00f2ria d&#8217;amor a Sarajevo, de Jaume Benavente, un llibre que explica la vida quotidiana d&#8217;una fam\u00edlia bosniana enmig dels bombardejos de la capital de B\u00f2snia. Trobareu m\u00e9s informaci\u00f3 a\u00a0<a href=\"http:\/\/www.trenkalos.org\/\" target=\"_blank\" rel=\"noopener noreferrer\">www.trenkalos.org<\/a><\/p>\n","protected":false},"excerpt":{"rendered":"<p>Aquest \u00e9s el t\u00edtol de la xerrada que dos integrants de la xarxa Trenkal\u00f2s varen fer als alumnes de 2n d&#8217;ESO per conscienciar-los de les conseq\u00fc\u00e8ncies de la guerra dels Balcans 13 anys despr\u00e9s. Aquest any, els alumnes de 2n estan inscrits al concurs EL&hellip;  <a href=\"https:\/\/agora.xtec.cat\/iesmarina\/general\/encara-som-aqui\/\" title=\"Read Encara som aqu\u00ed!\">Llegeix m\u00e9s\u00bb<\/a><\/p>\n","protected":false},"author":1,"featured_media":2075,"comment_status":"closed","ping_status":"closed","sticky":false,"template":"","format":"standard","meta":{"_bbp_topic_count":0,"_bbp_reply_count":0,"_bbp_total_topic_count":0,"_bbp_total_reply_count":0,"_bbp_voice_count":0,"_bbp_anonymous_reply_count":0,"_bbp_topic_count_hidden":0,"_bbp_reply_count_hidden":0,"_bbp_forum_subforum_count":0,"footnotes":""},"categories":[1,133,134,29],"tags":[104],"class_list":["post-2074","post","type-post","status-publish","format-standard","has-post-thumbnail","hentry","category-general","category-ll_castella","category-ll_catala","category-portada","tag-activitats"],"post_mailing_queue_ids":[],"_links":{"self":[{"href":"https:\/\/agora.xtec.cat\/iesmarina\/wp-json\/wp\/v2\/posts\/2074","targetHints":{"allow":["GET"]}}],"collection":[{"href":"https:\/\/agora.xtec.cat\/iesmarina\/wp-json\/wp\/v2\/posts"}],"about":[{"href":"https:\/\/agora.xtec.cat\/iesmarina\/wp-json\/wp\/v2\/types\/post"}],"author":[{"embeddable":true,"href":"https:\/\/agora.xtec.cat\/iesmarina\/wp-json\/wp\/v2\/users\/1"}],"replies":[{"embeddable":true,"href":"https:\/\/agora.xtec.cat\/iesmarina\/wp-json\/wp\/v2\/comments?post=2074"}],"version-history":[{"count":1,"href":"https:\/\/agora.xtec.cat\/iesmarina\/wp-json\/wp\/v2\/posts\/2074\/revisions"}],"predecessor-version":[{"id":2076,"href":"https:\/\/agora.xtec.cat\/iesmarina\/wp-json\/wp\/v2\/posts\/2074\/revisions\/2076"}],"wp:featuredmedia":[{"embeddable":true,"href":"https:\/\/agora.xtec.cat\/iesmarina\/wp-json\/wp\/v2\/media\/2075"}],"wp:attachment":[{"href":"https:\/\/agora.xtec.cat\/iesmarina\/wp-json\/wp\/v2\/media?parent=2074"}],"wp:term":[{"taxonomy":"category","embeddable":true,"href":"https:\/\/agora.xtec.cat\/iesmarina\/wp-json\/wp\/v2\/categories?post=2074"},{"taxonomy":"post_tag","embeddable":true,"href":"https:\/\/agora.xtec.cat\/iesmarina\/wp-json\/wp\/v2\/tags?post=2074"}],"curies":[{"name":"wp","href":"https:\/\/api.w.org\/{rel}","templated":true}]}}