{"id":2051,"date":"2009-04-02T19:38:07","date_gmt":"2009-04-02T17:38:07","guid":{"rendered":"http:\/\/agora.xtec.cat\/iesmarina\/?p=2051"},"modified":"2018-03-06T19:57:18","modified_gmt":"2018-03-06T18:57:18","slug":"visita-al-servei-de-microscopia-electronica-amb-alumnes-de-batxillerat","status":"publish","type":"post","link":"https:\/\/agora.xtec.cat\/iesmarina\/general\/visita-al-servei-de-microscopia-electronica-amb-alumnes-de-batxillerat\/","title":{"rendered":"Visita al Servei de Microsc\u00f2pia Electr\u00f3nica amb alumnes de batxillerat"},"content":{"rendered":"<p><a href=\"https:\/\/photos.google.com\/album\/AF1QipOlBIqjr3Y7DU7Fe9xyjjES2Q9ZcO4l1ncsKuQK\" target=\"_blank\" rel=\"noopener noreferrer\"><img loading=\"lazy\" decoding=\"async\" class=\"alignnone wp-image-2052 size-full\" src=\"http:\/\/agora.xtec.cat\/iesmarina\/wp-content\/uploads\/usu123\/2018\/03\/DSCN0091-e1520361562784.jpg\" alt=\"\" width=\"533\" height=\"400\" \/><\/a><\/p>\n<p>El dimarts 31 de mar\u00e7 hem una visita al servei de Microsc\u00f2pia electr\u00f2nica amb alumnes de 1r de batxillerat cient\u00edfic i tecnol\u00f2gic i els alumnes del batxillerat cient\u00edfic de 2n de batxillerat. La sortida va ser molt interessant. Ens van fer una explicaci\u00f3 pr\u00e8via sobre els fonaments dels aparells i despr\u00e9s ens van dividir en dos grups per veure els microscopis de transmissi\u00f3 i d\u2019escombratge. Els alumnes van poder fer observacions i capturar fotografies de les imatges.<\/p>\n","protected":false},"excerpt":{"rendered":"<p><a href=\"https:\/\/photos.google.com\/album\/AF1QipOlBIqjr3Y7DU7Fe9xyjjES2Q9ZcO4l1ncsKuQK\" target=\"_blank\" rel=\"noopener noreferrer\"><\/a><br \/>\nEl dimarts 31 de mar\u00e7 hem una visita al servei de Microsc\u00f2pia electr\u00f2nica amb alumnes de 1r de batxillerat cient\u00edfic i tecnol\u00f2gic i els alumnes del batxillerat cient\u00edfic de 2n de batxillerat. La sortida va ser molt interessant. Ens van fer&hellip;  <a href=\"https:\/\/agora.xtec.cat\/iesmarina\/general\/visita-al-servei-de-microscopia-electronica-amb-alumnes-de-batxillerat\/\" title=\"Read Visita al Servei de Microsc\u00f2pia Electr\u00f3nica amb alumnes de batxillerat\">Llegeix m\u00e9s\u00bb<\/a><\/p>\n","protected":false},"author":1,"featured_media":0,"comment_status":"closed","ping_status":"closed","sticky":false,"template":"","format":"standard","meta":{"_bbp_topic_count":0,"_bbp_reply_count":0,"_bbp_total_topic_count":0,"_bbp_total_reply_count":0,"_bbp_voice_count":0,"_bbp_anonymous_reply_count":0,"_bbp_topic_count_hidden":0,"_bbp_reply_count_hidden":0,"_bbp_forum_subforum_count":0,"footnotes":""},"categories":[1,29],"tags":[58],"class_list":["post-2051","post","type-post","status-publish","format-standard","hentry","category-general","category-portada","tag-tallers"],"post_mailing_queue_ids":[],"_links":{"self":[{"href":"https:\/\/agora.xtec.cat\/iesmarina\/wp-json\/wp\/v2\/posts\/2051","targetHints":{"allow":["GET"]}}],"collection":[{"href":"https:\/\/agora.xtec.cat\/iesmarina\/wp-json\/wp\/v2\/posts"}],"about":[{"href":"https:\/\/agora.xtec.cat\/iesmarina\/wp-json\/wp\/v2\/types\/post"}],"author":[{"embeddable":true,"href":"https:\/\/agora.xtec.cat\/iesmarina\/wp-json\/wp\/v2\/users\/1"}],"replies":[{"embeddable":true,"href":"https:\/\/agora.xtec.cat\/iesmarina\/wp-json\/wp\/v2\/comments?post=2051"}],"version-history":[{"count":3,"href":"https:\/\/agora.xtec.cat\/iesmarina\/wp-json\/wp\/v2\/posts\/2051\/revisions"}],"predecessor-version":[{"id":2070,"href":"https:\/\/agora.xtec.cat\/iesmarina\/wp-json\/wp\/v2\/posts\/2051\/revisions\/2070"}],"wp:attachment":[{"href":"https:\/\/agora.xtec.cat\/iesmarina\/wp-json\/wp\/v2\/media?parent=2051"}],"wp:term":[{"taxonomy":"category","embeddable":true,"href":"https:\/\/agora.xtec.cat\/iesmarina\/wp-json\/wp\/v2\/categories?post=2051"},{"taxonomy":"post_tag","embeddable":true,"href":"https:\/\/agora.xtec.cat\/iesmarina\/wp-json\/wp\/v2\/tags?post=2051"}],"curies":[{"name":"wp","href":"https:\/\/api.w.org\/{rel}","templated":true}]}}