{"id":2041,"date":"2009-06-16T19:24:35","date_gmt":"2009-06-16T17:24:35","guid":{"rendered":"http:\/\/agora.xtec.cat\/iesmarina\/?p=2041"},"modified":"2018-04-03T11:53:07","modified_gmt":"2018-04-03T09:53:07","slug":"jornada-de-les-arts-09","status":"publish","type":"post","link":"https:\/\/agora.xtec.cat\/iesmarina\/general\/jornada-de-les-arts-09\/","title":{"rendered":"Jornada de les Arts &#8217;09"},"content":{"rendered":"<p>&nbsp;<\/p>\n<p>El passat dilluns dia 16 vam celebrar la Jornada de les Arts 09, una festa de final de curs on alumnes de diferents cursos van mostrar les seves aptituds en la m\u00fasica, ball, can\u00e7\u00f3 i acrosport. Fins i tot hi va haver un mural per a fer grafits. El dia es va refrescar una mica amb els jocs a l&#8217;exterior que va organitzar el Departament d&#8217;Educaci\u00f3 F\u00edsica a l&#8217;inici del mat\u00ed. Tothom s&#8217;ho va passar molt b\u00e9!<\/p>\n<p>Agra\u00efm a tot el professorat implicat en l&#8217;organitzaci\u00f3 i preparaci\u00f3 d&#8217;aquesta jornada tota la seva dedicaci\u00f3 aquests dies. Han anat de b\u00f2lid! El resultat ha valgut la pena, no creieu?<\/p>\n","protected":false},"excerpt":{"rendered":"<p>&nbsp;<br \/>\nEl passat dilluns dia 16 vam celebrar la Jornada de les Arts 09, una festa de final de curs on alumnes de diferents cursos van mostrar les seves aptituds en la m\u00fasica, ball, can\u00e7\u00f3 i acrosport. Fins i tot hi va haver un mural per&hellip;  <a href=\"https:\/\/agora.xtec.cat\/iesmarina\/general\/jornada-de-les-arts-09\/\" title=\"Read Jornada de les Arts &#8217;09\">Llegeix m\u00e9s\u00bb<\/a><\/p>\n","protected":false},"author":1,"featured_media":2042,"comment_status":"closed","ping_status":"closed","sticky":false,"template":"","format":"standard","meta":{"_bbp_topic_count":0,"_bbp_reply_count":0,"_bbp_total_topic_count":0,"_bbp_total_reply_count":0,"_bbp_voice_count":0,"_bbp_anonymous_reply_count":0,"_bbp_topic_count_hidden":0,"_bbp_reply_count_hidden":0,"_bbp_forum_subforum_count":0,"footnotes":""},"categories":[1,29],"tags":[104],"class_list":["post-2041","post","type-post","status-publish","format-standard","has-post-thumbnail","hentry","category-general","category-portada","tag-activitats"],"post_mailing_queue_ids":[],"_links":{"self":[{"href":"https:\/\/agora.xtec.cat\/iesmarina\/wp-json\/wp\/v2\/posts\/2041","targetHints":{"allow":["GET"]}}],"collection":[{"href":"https:\/\/agora.xtec.cat\/iesmarina\/wp-json\/wp\/v2\/posts"}],"about":[{"href":"https:\/\/agora.xtec.cat\/iesmarina\/wp-json\/wp\/v2\/types\/post"}],"author":[{"embeddable":true,"href":"https:\/\/agora.xtec.cat\/iesmarina\/wp-json\/wp\/v2\/users\/1"}],"replies":[{"embeddable":true,"href":"https:\/\/agora.xtec.cat\/iesmarina\/wp-json\/wp\/v2\/comments?post=2041"}],"version-history":[{"count":3,"href":"https:\/\/agora.xtec.cat\/iesmarina\/wp-json\/wp\/v2\/posts\/2041\/revisions"}],"predecessor-version":[{"id":2100,"href":"https:\/\/agora.xtec.cat\/iesmarina\/wp-json\/wp\/v2\/posts\/2041\/revisions\/2100"}],"wp:featuredmedia":[{"embeddable":true,"href":"https:\/\/agora.xtec.cat\/iesmarina\/wp-json\/wp\/v2\/media\/2042"}],"wp:attachment":[{"href":"https:\/\/agora.xtec.cat\/iesmarina\/wp-json\/wp\/v2\/media?parent=2041"}],"wp:term":[{"taxonomy":"category","embeddable":true,"href":"https:\/\/agora.xtec.cat\/iesmarina\/wp-json\/wp\/v2\/categories?post=2041"},{"taxonomy":"post_tag","embeddable":true,"href":"https:\/\/agora.xtec.cat\/iesmarina\/wp-json\/wp\/v2\/tags?post=2041"}],"curies":[{"name":"wp","href":"https:\/\/api.w.org\/{rel}","templated":true}]}}