{"id":2032,"date":"2010-01-29T17:54:17","date_gmt":"2010-01-29T16:54:17","guid":{"rendered":"http:\/\/agora.xtec.cat\/iesmarina\/?p=2032"},"modified":"2018-04-03T11:51:54","modified_gmt":"2018-04-03T09:51:54","slug":"preinscripcio-i-jornada-portes-obertes","status":"publish","type":"post","link":"https:\/\/agora.xtec.cat\/iesmarina\/general\/preinscripcio-i-jornada-portes-obertes\/","title":{"rendered":"Preinscripci\u00f3\u00a0i Jornada Portes Obertes"},"content":{"rendered":"<pre class=\"title\"><\/pre>\n<div class=\"rt-article-icons\"><\/div>\n<p>Vine el 2 de febrer a visitar el nostre institut! Ens trobarem a l&#8217;\u00c0gora del nostre centre, a les 19 h.<\/p>\n<p>Podr\u00e0s trobar tota la informaci\u00f3 sobre la preinscripci\u00f3\u00a0 i matriculaci\u00f3 en aquest\u00a0<a href=\"http:\/\/www.gencat.cat\/preinscripcio\/ca\/educacio-secundaria-12-16-anys.html\">enlla\u00e7<\/a><\/p>\n<p><a href=\"http:\/\/www.gencat.cat\/preinscripcio\/ca\/educacio-secundaria-12-16-anys.html\" target=\"_blank\" rel=\"noopener noreferrer\"><img loading=\"lazy\" decoding=\"async\" src=\"http:\/\/www.institutmarina.cat\/images\/archivos\/prematricula.jpg\" alt=\"prematricula\" width=\"538\" height=\"99\" \/><\/a><\/p>\n<p><a title=\"View PORTES OBERTES CURS 10-11 on Scribd\" href=\"http:\/\/www.scribd.com\/doc\/26303609\" target=\"_blank\" rel=\"noopener noreferrer\">PORTES OBERTES CURS 10-11<\/a><\/p>\n","protected":false},"excerpt":{"rendered":"<p>Vine el 2 de febrer a visitar el nostre institut! Ens trobarem a l&#8217;\u00c0gora del nostre centre, a les 19 h.<br \/>\nPodr\u00e0s trobar tota la informaci\u00f3 sobre la preinscripci\u00f3\u00a0 i matriculaci\u00f3 en aquest\u00a0<a href=\"http:\/\/www.gencat.cat\/preinscripcio\/ca\/educacio-secundaria-12-16-anys.html\">enlla\u00e7<\/a><br \/>\n<a href=\"http:\/\/www.gencat.cat\/preinscripcio\/ca\/educacio-secundaria-12-16-anys.html\" target=\"_blank\" rel=\"noopener noreferrer\"><\/a><br \/>\n<a title=\"View PORTES OBERTES CURS 10-11 on Scribd\" href=\"http:\/\/www.scribd.com\/doc\/26303609\"&hellip;  <a href=\"https:\/\/agora.xtec.cat\/iesmarina\/general\/preinscripcio-i-jornada-portes-obertes\/\" title=\"Read Preinscripci\u00f3\u00a0i Jornada Portes Obertes\">Llegeix m\u00e9s\u00bb<\/a><\/p>\n","protected":false},"author":1,"featured_media":0,"comment_status":"closed","ping_status":"closed","sticky":false,"template":"","format":"standard","meta":{"_bbp_topic_count":0,"_bbp_reply_count":0,"_bbp_total_topic_count":0,"_bbp_total_reply_count":0,"_bbp_voice_count":0,"_bbp_anonymous_reply_count":0,"_bbp_topic_count_hidden":0,"_bbp_reply_count_hidden":0,"_bbp_forum_subforum_count":0,"footnotes":""},"categories":[1,29],"tags":[179],"class_list":["post-2032","post","type-post","status-publish","format-standard","hentry","category-general","category-portada","tag-informacions"],"post_mailing_queue_ids":[],"_links":{"self":[{"href":"https:\/\/agora.xtec.cat\/iesmarina\/wp-json\/wp\/v2\/posts\/2032","targetHints":{"allow":["GET"]}}],"collection":[{"href":"https:\/\/agora.xtec.cat\/iesmarina\/wp-json\/wp\/v2\/posts"}],"about":[{"href":"https:\/\/agora.xtec.cat\/iesmarina\/wp-json\/wp\/v2\/types\/post"}],"author":[{"embeddable":true,"href":"https:\/\/agora.xtec.cat\/iesmarina\/wp-json\/wp\/v2\/users\/1"}],"replies":[{"embeddable":true,"href":"https:\/\/agora.xtec.cat\/iesmarina\/wp-json\/wp\/v2\/comments?post=2032"}],"version-history":[{"count":1,"href":"https:\/\/agora.xtec.cat\/iesmarina\/wp-json\/wp\/v2\/posts\/2032\/revisions"}],"predecessor-version":[{"id":2033,"href":"https:\/\/agora.xtec.cat\/iesmarina\/wp-json\/wp\/v2\/posts\/2032\/revisions\/2033"}],"wp:attachment":[{"href":"https:\/\/agora.xtec.cat\/iesmarina\/wp-json\/wp\/v2\/media?parent=2032"}],"wp:term":[{"taxonomy":"category","embeddable":true,"href":"https:\/\/agora.xtec.cat\/iesmarina\/wp-json\/wp\/v2\/categories?post=2032"},{"taxonomy":"post_tag","embeddable":true,"href":"https:\/\/agora.xtec.cat\/iesmarina\/wp-json\/wp\/v2\/tags?post=2032"}],"curies":[{"name":"wp","href":"https:\/\/api.w.org\/{rel}","templated":true}]}}