{"id":1957,"date":"2011-03-05T16:05:25","date_gmt":"2011-03-05T15:05:25","guid":{"rendered":"http:\/\/agora.xtec.cat\/iesmarina\/?p=1957"},"modified":"2018-04-03T11:47:09","modified_gmt":"2018-04-03T09:47:09","slug":"intercanvi-amb-holanda-tot-un-exit-mireu-les-fotos","status":"publish","type":"post","link":"https:\/\/agora.xtec.cat\/iesmarina\/general\/intercanvi-amb-holanda-tot-un-exit-mireu-les-fotos\/","title":{"rendered":"Intercanvi amb Holanda, tot un \u00e8xit. Mireu les fotos!"},"content":{"rendered":"<p>&nbsp;<\/p>\n<p>L\u00b4\u00faltima setmana del mes de mar\u00e7 vam rebre 10 alumnes holandesos (nois i noies) i els seus dos professors. Van ser acollits a La Llagosta per alumnes de 1 batxillerat i algun de Cicle Formatiu Superior. Ja tenim preparades un seguit d&#8217;activitats per fer amb ells i elles. Tot va sortir perfecte. Els nostres alumnes van ser un bons amfitrions, acompanyant els seus convidats 12 hores al dia, i parlant angl\u00e8s amb ells i elles tota l&#8217;estona.<\/p>\n<p>Nosaltres anirem a Holanda del 9 al 16 maig. Viurem a Veendam, per\u00f2 passarem un dia a Amsterdam!<\/p>\n<p>La Llagosta ja porta uns anys fent projectes amb pa\u00efsos de la Uni\u00f3 Europea, per impulsar l&#8217;obertura dels alumnes cap a Europa i fomentar l&#8217;\u00fas de l&#8217;angl\u00e8s com a llengua de comunicaci\u00f3 i d&#8217;ensenyament cap a d&#8217;altres aprenentatges.<\/p>\n<p>Aqu\u00ed podeu veure fotos d&#8217;intercanvis escolars (Projecte Comenius) que vam realitzar entre el 2007 i el 2009. i a continuaci\u00f3 teniu algunes de les fotos de l&#8217;estada dels holandesos a Barcelona.<\/p>\n","protected":false},"excerpt":{"rendered":"<p>&nbsp;<br \/>\nL\u00b4\u00faltima setmana del mes de mar\u00e7 vam rebre 10 alumnes holandesos (nois i noies) i els seus dos professors. Van ser acollits a La Llagosta per alumnes de 1 batxillerat i algun de Cicle Formatiu Superior. Ja tenim preparades un seguit d&#8217;activitats per fer amb&hellip;  <a href=\"https:\/\/agora.xtec.cat\/iesmarina\/general\/intercanvi-amb-holanda-tot-un-exit-mireu-les-fotos\/\" title=\"Read Intercanvi amb Holanda, tot un \u00e8xit. Mireu les fotos!\">Llegeix m\u00e9s\u00bb<\/a><\/p>\n","protected":false},"author":1,"featured_media":1958,"comment_status":"closed","ping_status":"closed","sticky":false,"template":"","format":"standard","meta":{"_bbp_topic_count":0,"_bbp_reply_count":0,"_bbp_total_topic_count":0,"_bbp_total_reply_count":0,"_bbp_voice_count":0,"_bbp_anonymous_reply_count":0,"_bbp_topic_count_hidden":0,"_bbp_reply_count_hidden":0,"_bbp_forum_subforum_count":0,"footnotes":""},"categories":[1,136,29],"tags":[104,165],"class_list":["post-1957","post","type-post","status-publish","format-standard","has-post-thumbnail","hentry","category-general","category-ll_estrangeres","category-portada","tag-activitats","tag-comenius"],"post_mailing_queue_ids":[],"_links":{"self":[{"href":"https:\/\/agora.xtec.cat\/iesmarina\/wp-json\/wp\/v2\/posts\/1957","targetHints":{"allow":["GET"]}}],"collection":[{"href":"https:\/\/agora.xtec.cat\/iesmarina\/wp-json\/wp\/v2\/posts"}],"about":[{"href":"https:\/\/agora.xtec.cat\/iesmarina\/wp-json\/wp\/v2\/types\/post"}],"author":[{"embeddable":true,"href":"https:\/\/agora.xtec.cat\/iesmarina\/wp-json\/wp\/v2\/users\/1"}],"replies":[{"embeddable":true,"href":"https:\/\/agora.xtec.cat\/iesmarina\/wp-json\/wp\/v2\/comments?post=1957"}],"version-history":[{"count":2,"href":"https:\/\/agora.xtec.cat\/iesmarina\/wp-json\/wp\/v2\/posts\/1957\/revisions"}],"predecessor-version":[{"id":2111,"href":"https:\/\/agora.xtec.cat\/iesmarina\/wp-json\/wp\/v2\/posts\/1957\/revisions\/2111"}],"wp:featuredmedia":[{"embeddable":true,"href":"https:\/\/agora.xtec.cat\/iesmarina\/wp-json\/wp\/v2\/media\/1958"}],"wp:attachment":[{"href":"https:\/\/agora.xtec.cat\/iesmarina\/wp-json\/wp\/v2\/media?parent=1957"}],"wp:term":[{"taxonomy":"category","embeddable":true,"href":"https:\/\/agora.xtec.cat\/iesmarina\/wp-json\/wp\/v2\/categories?post=1957"},{"taxonomy":"post_tag","embeddable":true,"href":"https:\/\/agora.xtec.cat\/iesmarina\/wp-json\/wp\/v2\/tags?post=1957"}],"curies":[{"name":"wp","href":"https:\/\/api.w.org\/{rel}","templated":true}]}}