{"id":1918,"date":"2008-07-10T15:11:40","date_gmt":"2008-07-10T13:11:40","guid":{"rendered":"http:\/\/agora.xtec.cat\/iesmarina\/?p=1918"},"modified":"2018-04-03T11:54:33","modified_gmt":"2018-04-03T09:54:33","slug":"educacio-per-a-la-ciutadania","status":"publish","type":"post","link":"https:\/\/agora.xtec.cat\/iesmarina\/general\/educacio-per-a-la-ciutadania\/","title":{"rendered":"Educaci\u00f3\u00a0per a la Ciutadania"},"content":{"rendered":"<pre class=\"title\"><\/pre>\n<div class=\"rt-article-icons\"><\/div>\n<p>L\u2019IES Marina participa amb les V Jornades Internacional de Recerca Did\u00e0ctica de les Ci\u00e8ncies Socials<br \/>\nV Jornades internacionals de Recerca en Did\u00e0ctica de les Ci\u00e8ncies Socials<\/p>\n<p>Els dies 14,15 i 16 de Febrer s\u2019han celebrat les\u00a0<em><strong><a href=\"http:\/\/dewey.uab.es\/jornadesdcs\/\">V Jornades internacionals de Recerca en Did\u00e0ctica de les Ci\u00e8ncies Socials<\/a><\/strong><\/em>en el marc de la UAB, centrades aquest any en la tem\u00e0tica\u00a0<em>\u201cL\u2019educaci\u00f3 per a la Ciutadania i l\u2019ensenyament de les Ci\u00e8ncies Socials, de la Geografia i de la Hist\u00f2ria\u201d<\/em>.<\/p>\n<p>Les jornades van ser inaugurades per Joan Badia -Director General d\u2019Innovaci\u00f3 Educativa de la Generalitat-, Montserrat Ballar\u00edn \u2013Regidora d\u2019Educaci\u00f3 de l\u2019Ajuntament de Barcelona-, M\u00e0rius Mart\u00ednez \u2013Deg\u00e0 de la Facultat de Ci\u00e8ncies de l\u2019Educaci\u00f3 de l\u2019UAB- i Joan Pag\u00e8s \u2013Director del Departament de Did\u00e0ctica de la Llengua i la Literatura i de les CC.SS de la facultat d\u2019Educaci\u00f3 de la UAB i coordinador de les jornades-.<\/p>\n<p>Dintre de les jornades van desenvolupar-se les seg\u00fcents activitats:<\/p>\n<ul>\n<li><strong>Pon\u00e8ncies i confer\u00e8ncies. Aquestes van ser variades i reflectien una mostra de com es pensa la Educaci\u00f3 per a la Ciutadania en diferents parts del m\u00f3n:<\/strong>\n<ul>\n<li>Dra Liliana Bravo (Pontificia Universidad Cat\u00f3lica de Santiago de Chile).<\/li>\n<li>Dr. Carlos A. Sandoval (Universidad de Antioquia, Col\u00f2mbia).<\/li>\n<li>Dr. Alan Reid (University of Bath, Anglaterra).<\/li>\n<li>El Consell Pedag\u00f2gic de Barcelona.<\/li>\n<li>Maria Ojuel (t\u00e8cnica de la Direcci\u00f3 General de l\u2019Educaci\u00f3 B\u00e0sica i el Batxillerat de la Conselleria d\u2019Educaci\u00f3).<\/li>\n<li>Dr. Ernesto G\u00f3mez (Universidad de M\u00e1laga).<\/li>\n<\/ul>\n<\/li>\n<li><strong>Presentaci\u00f3 de experi\u00e8ncies amb debat.<\/strong>\n<ul>\n<li><em>\u201cEducaci\u00f3 per a la Ciutadania\u201d<\/em>, IES Llu\u00eds Peguera (Manresa).<\/li>\n<li><em>\u201cMigracions i ciutadania\u201d<\/em>, IES Celest\u00ed Bellera (Granollers).<\/li>\n<li><em>\u201cObrim l\u2019escola a l\u2019entorn\u201d<\/em>, CEIP Guilem Isarn (Lleida).<\/li>\n<li><em>\u201cLa utilitat de la hist\u00f2ria per a construir ciutadania\u201d<\/em>, Escola Pia (Granollers).<\/li>\n<\/ul>\n<\/li>\n<li><strong>Presentaci\u00f3 de p\u00f2sters que fosin mostra d\u2019una experi\u00e8ncia portada a la pr\u00e0ctica a l\u2019aula.<\/strong>\n<ul>\n<li><em>\u201cUn acostament multimodal al territori\u201d<\/em>, Corona, Nussbaum, Pati\u00f1o, (UAB), i Rocha (CEIP Mediterr\u00e0nea, Barcelona).<\/li>\n<li><em>\u201cTrobades intergeneracionals\u201d<\/em>, Launer i Bast\u00e9, (CEIP T\u00e0ber, Barcelona).<\/li>\n<li><em>\u201ce-TIC-a Ciutadania\u201d<\/em>, Herreros, (IES Marina, La Llagosta).<\/li>\n<li><em>\u201cDiaris de carrer i de ciutadania per a joves llatins a trav\u00e9s de la fotografia i el cinema\u201d<\/em>, Palou, (IES Pedraforca, Hospitalet).<\/li>\n<li><em>\u201cConcepcions te\u00f2riques i pr\u00e0ctiques en educaci\u00f3 per a la ciutadania. Una experi\u00e8ncia en un aula universitaria\u201d<\/em>, Medir, Heras, Junyent, (Departament de Did\u00e0ctiques Espec\u00edfiques, Universitat de Girona)<\/li>\n<li><em>\u201cLa educaci\u00f3n para la ciudadania en el contexto brasile\u00f1o: formaci\u00f3n e investigaci\u00f3n con profesores de historia y geograf\u00eda\u201d<\/em>, Coelho (Universidade de Sao Paulo) i Oliveira (Universidad de Oviedo).<\/li>\n<li><em>\u201cEducaci\u00f3n per a la ciutadania a trav\u00e9s de l\u2019esport\u201d<\/em>, Prat, Orrit i Soler, (Grup d\u2019Investigaci\u00f3 Valors en joc, UAB).<\/li>\n<li><em>\u201cPrograma l\u2019escola adopta un monument\u201d<\/em>\u00a0, Bardavio, Gonz\u00e1lez i Solsona, (CEPAP, UAB).<\/li>\n<\/ul>\n<\/li>\n<\/ul>\n<p>En aquest marc vam tenir la sort de que el treball que aquest any la Lidia Fortet i en Miguel Herreros venim desenvolupant a Ciutadania a l\u2019IES Marina fos seleccionat per la comissi\u00f3 cient\u00edfica de les jornades per a ser presentat i exposat en elles. D\u2019aquesta manera no nom\u00e9s vam poder con\u00e8ixer com es pensava i treballava Educaci\u00f3 per a la Ciutadania (EpC) arreu i en els diferents nivells educatius -prim\u00e0ria, secund\u00e0ria i universitat-, sin\u00f3 que a la vegada vam poder donar a con\u00e8ixer un dels treballs que actualment es duen a terme al nostre centre tant a casa nostra com a nivell internacional.<\/p>\n<p>Amb\u00a0<em>\u201ce-TIC-a Ciutadania\u201d<\/em>\u00a0fem una aposta per aprofundir el coneixement dels entorns tecnol\u00f2gics , la seva aplicaci\u00f3 i difusi\u00f3 dintre de les nostres aules, a le vegada que fomenten el treball individual i col.lectiu i tot treballant els valors i actituds dels alumnes a partir de\u00a0<em>EpC<\/em>.<\/p>\n","protected":false},"excerpt":{"rendered":"<p>L\u2019IES Marina participa amb les V Jornades Internacional de Recerca Did\u00e0ctica de les Ci\u00e8ncies Socials<br \/>\nV Jornades internacionals de Recerca en Did\u00e0ctica de les Ci\u00e8ncies Socials<br \/>\nEls dies 14,15 i 16 de Febrer s\u2019han celebrat les\u00a0<a href=\"http:\/\/dewey.uab.es\/jornadesdcs\/\">V Jornades internacionals de Recerca en Did\u00e0ctica de les Ci\u00e8ncies Socials<\/a>en&hellip;  <a href=\"https:\/\/agora.xtec.cat\/iesmarina\/general\/educacio-per-a-la-ciutadania\/\" title=\"Read Educaci\u00f3\u00a0per a la Ciutadania\">Llegeix m\u00e9s\u00bb<\/a><\/p>\n","protected":false},"author":1,"featured_media":0,"comment_status":"closed","ping_status":"closed","sticky":false,"template":"","format":"standard","meta":{"_bbp_topic_count":0,"_bbp_reply_count":0,"_bbp_total_topic_count":0,"_bbp_total_reply_count":0,"_bbp_voice_count":0,"_bbp_anonymous_reply_count":0,"_bbp_topic_count_hidden":0,"_bbp_reply_count_hidden":0,"_bbp_forum_subforum_count":0,"footnotes":""},"categories":[140,1,29],"tags":[179],"class_list":["post-1918","post","type-post","status-publish","format-standard","hentry","category-ciencies_soc","category-general","category-portada","tag-informacions"],"post_mailing_queue_ids":[],"_links":{"self":[{"href":"https:\/\/agora.xtec.cat\/iesmarina\/wp-json\/wp\/v2\/posts\/1918","targetHints":{"allow":["GET"]}}],"collection":[{"href":"https:\/\/agora.xtec.cat\/iesmarina\/wp-json\/wp\/v2\/posts"}],"about":[{"href":"https:\/\/agora.xtec.cat\/iesmarina\/wp-json\/wp\/v2\/types\/post"}],"author":[{"embeddable":true,"href":"https:\/\/agora.xtec.cat\/iesmarina\/wp-json\/wp\/v2\/users\/1"}],"replies":[{"embeddable":true,"href":"https:\/\/agora.xtec.cat\/iesmarina\/wp-json\/wp\/v2\/comments?post=1918"}],"version-history":[{"count":1,"href":"https:\/\/agora.xtec.cat\/iesmarina\/wp-json\/wp\/v2\/posts\/1918\/revisions"}],"predecessor-version":[{"id":1919,"href":"https:\/\/agora.xtec.cat\/iesmarina\/wp-json\/wp\/v2\/posts\/1918\/revisions\/1919"}],"wp:attachment":[{"href":"https:\/\/agora.xtec.cat\/iesmarina\/wp-json\/wp\/v2\/media?parent=1918"}],"wp:term":[{"taxonomy":"category","embeddable":true,"href":"https:\/\/agora.xtec.cat\/iesmarina\/wp-json\/wp\/v2\/categories?post=1918"},{"taxonomy":"post_tag","embeddable":true,"href":"https:\/\/agora.xtec.cat\/iesmarina\/wp-json\/wp\/v2\/tags?post=1918"}],"curies":[{"name":"wp","href":"https:\/\/api.w.org\/{rel}","templated":true}]}}