{"id":1915,"date":"2008-10-12T15:08:18","date_gmt":"2008-10-12T13:08:18","guid":{"rendered":"http:\/\/agora.xtec.cat\/iesmarina\/?p=1915"},"modified":"2018-03-06T15:10:48","modified_gmt":"2018-03-06T14:10:48","slug":"intercanvi-amb-bulgaria","status":"publish","type":"post","link":"https:\/\/agora.xtec.cat\/iesmarina\/general\/intercanvi-amb-bulgaria\/","title":{"rendered":"Intercanvi\u00a0amb Bulg\u00e0ria"},"content":{"rendered":"<pre class=\"title\"><\/pre>\n<p>El divendres dia 10 d&#8217;octubre un grup de 12 alumnes de 4t d&#8217;ESO van anar cap a\u00a0Plovdiv, Bulg\u00e0ria, amb la Merc\u00e8 i la Teresa. Tots i totes han arribat sans i estalvis. \u00a0Sabeu que a aquesta ciutat li diuen la Ven\u00e8cia de l\u2019est d\u2019Europa? Segur que \u00e9s preciosa. Esperem que vagi tot molt b\u00e9, com ha passat amb els altres intercanvis. A veure qu\u00e8 ens expliquen quan tornin a l\u2019institut el dia 20!<\/p>\n","protected":false},"excerpt":{"rendered":"<p>El divendres dia 10 d&#8217;octubre un grup de 12 alumnes de 4t d&#8217;ESO van anar cap a\u00a0Plovdiv, Bulg\u00e0ria, amb la Merc\u00e8 i la Teresa. Tots i totes han arribat sans i estalvis. \u00a0Sabeu que a aquesta ciutat li diuen la Ven\u00e8cia de l\u2019est d\u2019Europa? Segur&hellip;  <a href=\"https:\/\/agora.xtec.cat\/iesmarina\/general\/intercanvi-amb-bulgaria\/\" title=\"Read Intercanvi\u00a0amb Bulg\u00e0ria\">Llegeix m\u00e9s\u00bb<\/a><\/p>\n","protected":false},"author":1,"featured_media":1916,"comment_status":"closed","ping_status":"closed","sticky":false,"template":"","format":"standard","meta":{"_bbp_topic_count":0,"_bbp_reply_count":0,"_bbp_total_topic_count":0,"_bbp_total_reply_count":0,"_bbp_voice_count":0,"_bbp_anonymous_reply_count":0,"_bbp_topic_count_hidden":0,"_bbp_reply_count_hidden":0,"_bbp_forum_subforum_count":0,"footnotes":""},"categories":[3,7,1,136,29],"tags":[104,165],"class_list":["post-1915","post","type-post","status-publish","format-standard","has-post-thumbnail","hentry","category-eso","category-eso-4","category-general","category-ll_estrangeres","category-portada","tag-activitats","tag-comenius"],"post_mailing_queue_ids":[],"_links":{"self":[{"href":"https:\/\/agora.xtec.cat\/iesmarina\/wp-json\/wp\/v2\/posts\/1915","targetHints":{"allow":["GET"]}}],"collection":[{"href":"https:\/\/agora.xtec.cat\/iesmarina\/wp-json\/wp\/v2\/posts"}],"about":[{"href":"https:\/\/agora.xtec.cat\/iesmarina\/wp-json\/wp\/v2\/types\/post"}],"author":[{"embeddable":true,"href":"https:\/\/agora.xtec.cat\/iesmarina\/wp-json\/wp\/v2\/users\/1"}],"replies":[{"embeddable":true,"href":"https:\/\/agora.xtec.cat\/iesmarina\/wp-json\/wp\/v2\/comments?post=1915"}],"version-history":[{"count":1,"href":"https:\/\/agora.xtec.cat\/iesmarina\/wp-json\/wp\/v2\/posts\/1915\/revisions"}],"predecessor-version":[{"id":1917,"href":"https:\/\/agora.xtec.cat\/iesmarina\/wp-json\/wp\/v2\/posts\/1915\/revisions\/1917"}],"wp:featuredmedia":[{"embeddable":true,"href":"https:\/\/agora.xtec.cat\/iesmarina\/wp-json\/wp\/v2\/media\/1916"}],"wp:attachment":[{"href":"https:\/\/agora.xtec.cat\/iesmarina\/wp-json\/wp\/v2\/media?parent=1915"}],"wp:term":[{"taxonomy":"category","embeddable":true,"href":"https:\/\/agora.xtec.cat\/iesmarina\/wp-json\/wp\/v2\/categories?post=1915"},{"taxonomy":"post_tag","embeddable":true,"href":"https:\/\/agora.xtec.cat\/iesmarina\/wp-json\/wp\/v2\/tags?post=1915"}],"curies":[{"name":"wp","href":"https:\/\/api.w.org\/{rel}","templated":true}]}}