{"id":1910,"date":"2008-11-05T15:01:34","date_gmt":"2008-11-05T14:01:34","guid":{"rendered":"http:\/\/agora.xtec.cat\/iesmarina\/?p=1910"},"modified":"2018-03-06T15:06:36","modified_gmt":"2018-03-06T14:06:36","slug":"els-alumnes-delectronica-de-2neec-milloren-laula-dinformatica","status":"publish","type":"post","link":"https:\/\/agora.xtec.cat\/iesmarina\/general\/els-alumnes-delectronica-de-2neec-milloren-laula-dinformatica\/","title":{"rendered":"Els alumnes d\u2019electr\u00f2nica de 2neec milloren l&#8217;aula d\u2019inform\u00e0tica"},"content":{"rendered":"<p><span lang=\"CA\">El passat mes de juny els alumnes de 2n del CFPM d&#8217;Equips Electr\u00f2nics de Consum van realitzar, al llarg de dues setmanes, el cr\u00e8dit de s\u00edntesi.<\/span>\u00a0<span lang=\"CA\">El projecte desenvolupat aquest any, va ser el disseny i instal\u00b7laci\u00f3 de la xarxa el\u00e8ctrica i telem\u00e0tica (xarxa d\u2019ordinadors) de l&#8217; Aula d\u2019Inform\u00e0tica. La tasca dels alumnes va consistir en:<\/span><\/p>\n<ul>\n<li><span lang=\"CA\">Presentar una mem\u00f2ria amb el disseny elaborat: tasques a realitzar, materials escollits (tipus de cables, canals, preses d\u2019usuari, etc), pl\u00e0nols, esquemes, pressupost, factura, etc.<\/span><\/li>\n<li><span lang=\"CA\">Realitzar la instal\u00b7laci\u00f3 dels canals, cables el\u00e8ctrics, cables de dades, preses d\u2019usuari, etc.<\/span><\/li>\n<li><span lang=\"CA\">Comprovaci\u00f3 de la instal\u00b7laci\u00f3 feta.<\/span><\/li>\n<\/ul>\n<p><span lang=\"CA\">Vam comptar amb la col\u00b7laboraci\u00f3 dels alumnes del FIAP: els de fusteria van fer els plafons de fusta per poder instal\u00b7lar les canals i els de manteniment van fer la escomesa el\u00e8ctrica final.<\/span><\/p>\n","protected":false},"excerpt":{"rendered":"<p>El passat mes de juny els alumnes de 2n del CFPM d&#8217;Equips Electr\u00f2nics de Consum van realitzar, al llarg de dues setmanes, el cr\u00e8dit de s\u00edntesi.\u00a0El projecte desenvolupat aquest any, va ser el disseny i instal\u00b7laci\u00f3 de la xarxa el\u00e8ctrica i telem\u00e0tica (xarxa d\u2019ordinadors) de&hellip;  <a href=\"https:\/\/agora.xtec.cat\/iesmarina\/general\/els-alumnes-delectronica-de-2neec-milloren-laula-dinformatica\/\" title=\"Read Els alumnes d\u2019electr\u00f2nica de 2neec milloren l&#8217;aula d\u2019inform\u00e0tica\">Llegeix m\u00e9s\u00bb<\/a><\/p>\n","protected":false},"author":1,"featured_media":1911,"comment_status":"closed","ping_status":"closed","sticky":false,"template":"","format":"standard","meta":{"_bbp_topic_count":0,"_bbp_reply_count":0,"_bbp_total_topic_count":0,"_bbp_total_reply_count":0,"_bbp_voice_count":0,"_bbp_anonymous_reply_count":0,"_bbp_topic_count_hidden":0,"_bbp_reply_count_hidden":0,"_bbp_forum_subforum_count":0,"footnotes":""},"categories":[30,1,29],"tags":[104],"class_list":["post-1910","post","type-post","status-publish","format-standard","has-post-thumbnail","hentry","category-cicles-formatius","category-general","category-portada","tag-activitats"],"post_mailing_queue_ids":[],"_links":{"self":[{"href":"https:\/\/agora.xtec.cat\/iesmarina\/wp-json\/wp\/v2\/posts\/1910","targetHints":{"allow":["GET"]}}],"collection":[{"href":"https:\/\/agora.xtec.cat\/iesmarina\/wp-json\/wp\/v2\/posts"}],"about":[{"href":"https:\/\/agora.xtec.cat\/iesmarina\/wp-json\/wp\/v2\/types\/post"}],"author":[{"embeddable":true,"href":"https:\/\/agora.xtec.cat\/iesmarina\/wp-json\/wp\/v2\/users\/1"}],"replies":[{"embeddable":true,"href":"https:\/\/agora.xtec.cat\/iesmarina\/wp-json\/wp\/v2\/comments?post=1910"}],"version-history":[{"count":1,"href":"https:\/\/agora.xtec.cat\/iesmarina\/wp-json\/wp\/v2\/posts\/1910\/revisions"}],"predecessor-version":[{"id":1912,"href":"https:\/\/agora.xtec.cat\/iesmarina\/wp-json\/wp\/v2\/posts\/1910\/revisions\/1912"}],"wp:featuredmedia":[{"embeddable":true,"href":"https:\/\/agora.xtec.cat\/iesmarina\/wp-json\/wp\/v2\/media\/1911"}],"wp:attachment":[{"href":"https:\/\/agora.xtec.cat\/iesmarina\/wp-json\/wp\/v2\/media?parent=1910"}],"wp:term":[{"taxonomy":"category","embeddable":true,"href":"https:\/\/agora.xtec.cat\/iesmarina\/wp-json\/wp\/v2\/categories?post=1910"},{"taxonomy":"post_tag","embeddable":true,"href":"https:\/\/agora.xtec.cat\/iesmarina\/wp-json\/wp\/v2\/tags?post=1910"}],"curies":[{"name":"wp","href":"https:\/\/api.w.org\/{rel}","templated":true}]}}