{"id":1907,"date":"2008-12-22T14:57:16","date_gmt":"2008-12-22T13:57:16","guid":{"rendered":"http:\/\/agora.xtec.cat\/iesmarina\/?p=1907"},"modified":"2018-04-03T11:53:58","modified_gmt":"2018-04-03T09:53:58","slug":"projecte-europeu-p2v","status":"publish","type":"post","link":"https:\/\/agora.xtec.cat\/iesmarina\/general\/projecte-europeu-p2v\/","title":{"rendered":"Projecte europeu P2V"},"content":{"rendered":"<p><span lang=\"CA\">Durant l\u2019any 2008 l\u2019IES Marina ha participat en el projecte europeu P2V (<a href=\"http:\/\/p2v.eun.org\/\">http:\/\/p2v.eun.org<\/a>), que t\u00e9 com a\u00a0<\/span><span lang=\"CA\">objectiu general agregar i estendre pr\u00e0ctiques d&#8217;ensenyament i aprenentatge amb les TIC (e-learning) als sistemes educatius de la Uni\u00f3 Europea.<\/span><\/p>\n<p><span lang=\"CA\">Dins d\u2019aquest projecte, es va fer un intercanvi de professors entre l\u2019IES Marina i l\u2019escola HTL Dornbirn d\u2019\u00c0ustria, amb la finalitat de veure com funcionem a cada escola i compartir experi\u00e8ncies relatives a l\u2019\u00fas de les TIC per ensenyar. A continuaci\u00f3 fem un breu resum de les visites:<\/span><\/p>\n<h4><span lang=\"CA\">\u00b7<\/span><span lang=\"CA\">Visita IES Marina\u00a0<\/span><span lang=\"CA\">\u00de<\/span><span lang=\"CA\">\u00a0HTL Dornbirn<\/span><\/h4>\n<p><span lang=\"CA\">Del 28 al 31 de maig.<\/span><\/p>\n<p><span lang=\"CA\">Visitants: Rosa Paz (Socials), Marc Alcocer (Administratiu) i Carlos Ontiveros (Electr\u00f2nica).<\/span><\/p>\n<p><span lang=\"CA\">El HTL Dornbirn \u00e9s un institut de formaci\u00f3 professional ubicat a la localitat del mateix nom en la regi\u00f3 de Vorarlberg, a l\u2019oest d\u2019\u00c0ustria. La ciutat constitueix el centre econ\u00f2mic de Vorarlberg i conta amb uns 45.000 habitants aproximadament i una llarga tradici\u00f3 industrial, especialment al sector t\u00e8xtil. Els estudis impartits s\u00f3n:<\/span><\/p>\n<p><span lang=\"CA\">&#8211; Ingenyeria T\u00e8xtil (Fabricaci\u00f3 i Gesti\u00f3)<\/span><\/p>\n<p><span lang=\"CA\">&#8211; Qu\u00edmica (Qu\u00edmica ambiental i Qu\u00edmica t\u00e8xtil)<\/span><\/p>\n<p><span lang=\"CA\">&#8211; Tecnologia de la Informaci\u00f3 combinada amb administraci\u00f3 d\u2019empreses.<\/span><\/p>\n<p><span lang=\"CA\">Durant la visita ens van ensenyar el seu institut (molt m\u00e9s gran que el nostre), i la manera en que treballaven i utilitzaven les noves tecnologies per ensenyar (moodle, canons de projecci\u00f3, pissarres digitals, etc). Vam entrevistar uns quants alumnes i no hi ha gaire difer\u00e8ncia amb els d\u2019aqu\u00ed,&#8230; s\u00f3n igual de bons. Tamb\u00e9 ens van mostrar el seu parlament, situat a Bregentz, i ens va rebre el conseller d\u2019Educaci\u00f3.<\/span><\/p>\n<p><span lang=\"CA\">Tamb\u00e9 va haver-hi temps per l\u2019oci i, com feia molt bon temps, a la nit sort\u00edem a sopar amb els nostres nous amics i a prendre alguna coseta a les terrasses de la pla\u00e7a principal de la ciutat. L\u2019\u00faltim dia ens van acomiadar amb un sopar t\u00edpic de la zona: \u201cK\u00e4skn\u00f6pfle\u201d \u2026 riqu\u00edsim.<\/span><\/p>\n<p><span lang=\"CA\">Va ser una experi\u00e8ncia inoblidable de la que ja estem treure profit a les aules.<\/span><\/p>\n<p>&nbsp;<\/p>\n<h4><span lang=\"CA\">\u00b7<\/span><span lang=\"CA\">Visita HTL Dornbirn\u00a0<\/span><span lang=\"CA\">\u00de<\/span><span lang=\"CA\">\u00a0IES Marina<\/span><\/h4>\n<p><span lang=\"CA\">Del 22 al 25 d\u2019octubre.<\/span><\/p>\n<p><span lang=\"CA\">Visitants: Herbert Hug (Tecnologia), Ingrid Jelen (Angl\u00e8s) i Wolfgang Neffs (Inform\u00e0tica).<\/span><\/p>\n<p><span lang=\"CA\">Durant tot el dijous 23, els vam ensenyar l\u2019Institut, les seves instal\u00b7lacions i equipaments i els vam explicar com funcionem aqu\u00ed. Durant el mat\u00ed van visitar classes de la ESO on es f\u00e8iem servir les TIC per ensenyar: Angl\u00e8s de 3erESO amb la Nati, Franc\u00e8s de 4tESO amb Imma, Aula d\u2019acollida amb Concepci\u00f3, Ciencies Experimentals de 3erESO amb M\u00aaAngels, Inform\u00e0tica de 4tESO amb Jordi. Per la tarda van fer la visita a classes de FIAP i Cicles Formatius (on l\u2019aplicaci\u00f3 de les TIC esdev\u00e9 fonamental): Electr\u00f2nica Digital de 1erEEC amb Jose Luis, Ordinadors\/CISCO de 2nEEC amb Rafa, Microcontroladors de 2nEEC amb Juanjo, Disseny de Circuits de 1erDPE amb Laia, Telecomunicacions de 2nDPE amb Isabel, Projecte Empresarial de 2nAF amb Ram\u00f3n, Aplicacions Inform\u00e0tiques de GA amb Marcos, Inform\u00e0tica de 1erAF amb Desi i Manteniment de FIAP amb Luis.<\/span><\/p>\n<p><span lang=\"CA\">El divendres 24 els vam portar a visitar Tyco Electronics, una important empresa on els nostres alumnes de Cicles Formatius fan pr\u00e0ctiques. Despr\u00e9s vam anar a la nostra Delegaci\u00f3 Territorial d\u2019Educaci\u00f3 (a Matar\u00f3), all\u00ed els van explicar com s\u2019estava fent la implantaci\u00f3 i la promoci\u00f3 de les TIC en l\u2019Educaci\u00f3 a Catalunya.<\/span><\/p>\n<p><span lang=\"CA\">Per suposat que tamb\u00e9 ells van tenir estones per l\u2019oci: van visitar la ciutat de Barcelona, van assistir al partit de b\u00e0squet DKV-Jonentut \/ Union Olimpija i la \u00faltima nit els vam acomiadar amb un sopar.<\/span><\/p>\n<p><span lang=\"CA\">Van quedar gratament impressionats amb la tasca que fem tots plegats a l\u2019IES Marina.<\/span><\/p>\n<p><span lang=\"CA\">Cada grup visitant va fer un informe (report) de la seva visita. Es poden consultar a la seg\u00fcent direcci\u00f3 (al final de la p\u00e0gina \u2013 Pair 6):<\/span><\/p>\n<p><span lang=\"CA\"><a href=\"http:\/\/p2v.wikispaces.com\/School+Valorisation+%28WP5%29\">http:\/\/p2v.wikispaces.com\/School+Valorisation+%28WP5%29<\/a><\/span><\/p>\n","protected":false},"excerpt":{"rendered":"<p>Durant l\u2019any 2008 l\u2019IES Marina ha participat en el projecte europeu P2V (<a href=\"http:\/\/p2v.eun.org\/\">http:\/\/p2v.eun.org<\/a>), que t\u00e9 com a\u00a0objectiu general agregar i estendre pr\u00e0ctiques d&#8217;ensenyament i aprenentatge amb les TIC (e-learning) als sistemes educatius de la Uni\u00f3 Europea.<br \/>\nDins d\u2019aquest projecte, es va fer un intercanvi de&hellip;  <a href=\"https:\/\/agora.xtec.cat\/iesmarina\/general\/projecte-europeu-p2v\/\" title=\"Read Projecte europeu P2V\">Llegeix m\u00e9s\u00bb<\/a><\/p>\n","protected":false},"author":1,"featured_media":1908,"comment_status":"closed","ping_status":"closed","sticky":false,"template":"","format":"standard","meta":{"_bbp_topic_count":0,"_bbp_reply_count":0,"_bbp_total_topic_count":0,"_bbp_total_reply_count":0,"_bbp_voice_count":0,"_bbp_anonymous_reply_count":0,"_bbp_topic_count_hidden":0,"_bbp_reply_count_hidden":0,"_bbp_forum_subforum_count":0,"footnotes":""},"categories":[30,1,29],"tags":[104],"class_list":["post-1907","post","type-post","status-publish","format-standard","has-post-thumbnail","hentry","category-cicles-formatius","category-general","category-portada","tag-activitats"],"post_mailing_queue_ids":[],"_links":{"self":[{"href":"https:\/\/agora.xtec.cat\/iesmarina\/wp-json\/wp\/v2\/posts\/1907","targetHints":{"allow":["GET"]}}],"collection":[{"href":"https:\/\/agora.xtec.cat\/iesmarina\/wp-json\/wp\/v2\/posts"}],"about":[{"href":"https:\/\/agora.xtec.cat\/iesmarina\/wp-json\/wp\/v2\/types\/post"}],"author":[{"embeddable":true,"href":"https:\/\/agora.xtec.cat\/iesmarina\/wp-json\/wp\/v2\/users\/1"}],"replies":[{"embeddable":true,"href":"https:\/\/agora.xtec.cat\/iesmarina\/wp-json\/wp\/v2\/comments?post=1907"}],"version-history":[{"count":1,"href":"https:\/\/agora.xtec.cat\/iesmarina\/wp-json\/wp\/v2\/posts\/1907\/revisions"}],"predecessor-version":[{"id":1909,"href":"https:\/\/agora.xtec.cat\/iesmarina\/wp-json\/wp\/v2\/posts\/1907\/revisions\/1909"}],"wp:featuredmedia":[{"embeddable":true,"href":"https:\/\/agora.xtec.cat\/iesmarina\/wp-json\/wp\/v2\/media\/1908"}],"wp:attachment":[{"href":"https:\/\/agora.xtec.cat\/iesmarina\/wp-json\/wp\/v2\/media?parent=1907"}],"wp:term":[{"taxonomy":"category","embeddable":true,"href":"https:\/\/agora.xtec.cat\/iesmarina\/wp-json\/wp\/v2\/categories?post=1907"},{"taxonomy":"post_tag","embeddable":true,"href":"https:\/\/agora.xtec.cat\/iesmarina\/wp-json\/wp\/v2\/tags?post=1907"}],"curies":[{"name":"wp","href":"https:\/\/api.w.org\/{rel}","templated":true}]}}