{"id":1876,"date":"2012-03-14T13:06:47","date_gmt":"2012-03-14T12:06:47","guid":{"rendered":"http:\/\/agora.xtec.cat\/iesmarina\/?p=1876"},"modified":"2018-04-03T11:43:47","modified_gmt":"2018-04-03T09:43:47","slug":"concurs-literari-de-sant-jordi-2012","status":"publish","type":"post","link":"https:\/\/agora.xtec.cat\/iesmarina\/general\/concurs-literari-de-sant-jordi-2012\/","title":{"rendered":"Concurs Literari de Sant Jordi 2012"},"content":{"rendered":"<p>&nbsp;<\/p>\n<p>Amb motiu de la diada de Sant Jordi i per tal de fomentar la creaci\u00f3 liter\u00e0ria entre l\u2019alumnat de l\u2019Institut Marina de la Llagosta s\u2019hi convoca, per disset\u00e8 any consecutiu, el concurs literari de Sant Jordi. Aquest certamen compta amb la col\u00b7laboraci\u00f3 de l\u2019Ajuntament de la Llagosta i de l\u00b4AMPA de l\u00b4institut.<br \/>\nBASES:<\/p>\n<p>1.Hi poden prendre part els\/les alumnes oficials de l\u2019Institut Marina, amb un treball original en catal\u00e0 i\/o castell\u00e0, en la categoria A, B i C, i en angl\u00e8s i\/o franc\u00e8s, nom\u00e9s en la categoria B i C.<\/p>\n<p>2. S\u2019estableixen dues modalitats:<\/p>\n<p>a. NARRACI\u00d3 CURTA:<\/p>\n<p>Una narraci\u00f3 de tema lliure i extensi\u00f3 m\u00e0xima de 3 p\u00e0gines<\/p>\n<p>b. POESIA:<\/p>\n<p>Un poema de tema lliure i extensi\u00f3 m\u00e0xima de 25 versos.<\/p>\n<p>3. S\u2019estableixen tres categories:<\/p>\n<p>A. ALUMNES DE 1r CICLE D\u2019ESO (1r i 2n)<\/p>\n<p>B. ALUMNES DE 2n CICLE D\u2019ESO (3r i 4t)<\/p>\n<p>C. ALUMNES DE BATXILLERAT (1r i 2n) I CICLES FORMATIUS<\/p>\n<p>4. Els originals hauran de presentar-se en un sobre, acompanyats de 2 c\u00f2pies. Es presentaran escrits a ordinador, espaiats a 1,5 i per una sola cara. En els originals figurar\u00e0 un pseud\u00f2nim o lema.<\/p>\n<p>Cada original es lliurar\u00e0 dins d\u2019un sobre de la mida dels folis. Dins del sobre, a m\u00e9s del treball, hi haur\u00e0 un altre sobre, petit i tancat, a l\u2019exterior del qual figurar\u00e0 un pseud\u00f2nim o lema i tamb\u00e9 la categoria. A l\u2019interior del sobre s\u2019indicar\u00e0 el nom i cognoms del\/de la concursant.<\/p>\n<p>A m\u00e9s, cal enviar els escrits per correu electr\u00f2nic a l\u2019adre\u00e7a\u00a0<a href=\"mailto:insmarinasantjordi@gmail.com\">insmarinasantjordi@gmail.com<\/a>\u00a0indicant a l\u2019assumpte el pseud\u00f2nim i el t\u00edtol de la narraci\u00f3 o del poema. Important: enviar el treball per correu electr\u00f2nic \u00e9s condici\u00f3 indispensable per a la particpaci\u00f3 en el concurs. Si no s\u2019envia el text en format digital no es considerar\u00e0 presentat al concurs.<\/p>\n<p>5. El termini de recepci\u00f3 d\u2019originals ser\u00e0 el dia 5 de mar\u00e7.<\/p>\n<p>6. El jurat estar\u00e0 format per professors\/es de l\u2019Institut Marina, un representant de l\u2019Ajuntament de la Llagosta i membres de l\u00b4AMPA de l\u2019institut.<\/p>\n<p>7. El veredicte del concurs es far\u00e0 p\u00fablic durant l\u00b4acte de lliurament de premis, el dia 23 d\u2019abril, a l\u00b4\u00c0gora de l\u2019institut.<\/p>\n<p>8. Dins de cada categoria es concediran un primer i un segon premi per a cada modalitat i llengua (catal\u00e0 i castell\u00e0). L\u2019import del primer premi ser\u00e0 de 50 \u20ac i el segon premi de 25 \u20ac. Per a l\u2019angl\u00e8s i el franc\u00e8s hi haur\u00e0 un primer premi de 50 \u20ac i un segon premi de 25 \u20ac per a cada llengua, independentment de la modalitat.<\/p>\n<p>9. L\u2019Institut Marina es reserva la propietat dels originals premiats i el dret a publicar-los. Pel que fa als treballs que no hagin estat guardonats podran recollir-se al dept. de lleng\u00fces del centre, en el termini d\u2019un mes d\u2019en\u00e7\u00e0 de la data de lliurament dels premis.<\/p>\n<p>La Llagosta, febrer de 2012<\/p>\n","protected":false},"excerpt":{"rendered":"<p>XVII Concurs literari de Sant Jordi, Institut Marina&hellip;  <a href=\"https:\/\/agora.xtec.cat\/iesmarina\/general\/concurs-literari-de-sant-jordi-2012\/\" title=\"Read Concurs Literari de Sant Jordi 2012\">Llegeix m\u00e9s\u00bb<\/a><\/p>\n","protected":false},"author":1,"featured_media":1877,"comment_status":"closed","ping_status":"closed","sticky":false,"template":"","format":"standard","meta":{"_bbp_topic_count":0,"_bbp_reply_count":0,"_bbp_total_topic_count":0,"_bbp_total_reply_count":0,"_bbp_voice_count":0,"_bbp_anonymous_reply_count":0,"_bbp_topic_count_hidden":0,"_bbp_reply_count_hidden":0,"_bbp_forum_subforum_count":0,"footnotes":""},"categories":[8,137,3,1,29],"tags":[158],"class_list":["post-1876","post","type-post","status-publish","format-standard","has-post-thumbnail","hentry","category-batxillerat","category-edu_vis_plas","category-eso","category-general","category-portada","tag-concurs"],"post_mailing_queue_ids":[],"_links":{"self":[{"href":"https:\/\/agora.xtec.cat\/iesmarina\/wp-json\/wp\/v2\/posts\/1876","targetHints":{"allow":["GET"]}}],"collection":[{"href":"https:\/\/agora.xtec.cat\/iesmarina\/wp-json\/wp\/v2\/posts"}],"about":[{"href":"https:\/\/agora.xtec.cat\/iesmarina\/wp-json\/wp\/v2\/types\/post"}],"author":[{"embeddable":true,"href":"https:\/\/agora.xtec.cat\/iesmarina\/wp-json\/wp\/v2\/users\/1"}],"replies":[{"embeddable":true,"href":"https:\/\/agora.xtec.cat\/iesmarina\/wp-json\/wp\/v2\/comments?post=1876"}],"version-history":[{"count":1,"href":"https:\/\/agora.xtec.cat\/iesmarina\/wp-json\/wp\/v2\/posts\/1876\/revisions"}],"predecessor-version":[{"id":1878,"href":"https:\/\/agora.xtec.cat\/iesmarina\/wp-json\/wp\/v2\/posts\/1876\/revisions\/1878"}],"wp:featuredmedia":[{"embeddable":true,"href":"https:\/\/agora.xtec.cat\/iesmarina\/wp-json\/wp\/v2\/media\/1877"}],"wp:attachment":[{"href":"https:\/\/agora.xtec.cat\/iesmarina\/wp-json\/wp\/v2\/media?parent=1876"}],"wp:term":[{"taxonomy":"category","embeddable":true,"href":"https:\/\/agora.xtec.cat\/iesmarina\/wp-json\/wp\/v2\/categories?post=1876"},{"taxonomy":"post_tag","embeddable":true,"href":"https:\/\/agora.xtec.cat\/iesmarina\/wp-json\/wp\/v2\/tags?post=1876"}],"curies":[{"name":"wp","href":"https:\/\/api.w.org\/{rel}","templated":true}]}}