{"id":184,"date":"2017-01-20T10:13:08","date_gmt":"2017-01-20T09:13:08","guid":{"rendered":"http:\/\/agora.xtec.cat\/iesmarina\/?p=184"},"modified":"2018-04-03T11:28:20","modified_gmt":"2018-04-03T09:28:20","slug":"noticia-9","status":"publish","type":"post","link":"https:\/\/agora.xtec.cat\/iesmarina\/general\/noticia-9\/","title":{"rendered":"Sortida al Palau de la M\u00fasica &#8211; alumnes 1r curs Gesti\u00f3 Adm."},"content":{"rendered":"<p>El 20 de gener els alumnes de 1r de Gesti\u00f3 Administrativa (CFGM) vam fer una sortida amb l&#8217;objectiu de con\u00e9ixer les diferentes \u00e0rees del Palau de la M\u00fasica, i m\u00e9s concretament l&#8217;\u00e0rea de Recursos Humans: l&#8217;organitzaci\u00f3, el funcionament, els diferents perfils professionals que demanen per treballar,etc.<\/p>\n","protected":false},"excerpt":{"rendered":"<p>El 20 de gener els alumnes de 1r de Gesti\u00f3 Administrativa (CFGM) vam fer una sortida amb l&#8217;objectiu de con\u00e9ixer les diferentes \u00e0rees del Palau de la M\u00fasica, i m\u00e9s concretament l&#8217;\u00e0rea de Recursos Humans: l&#8217;organitzaci\u00f3, el funcionament, els diferents perfils professionals que demanen per&hellip;  <a href=\"https:\/\/agora.xtec.cat\/iesmarina\/general\/noticia-9\/\" title=\"Read Sortida al Palau de la M\u00fasica &#8211; alumnes 1r curs Gesti\u00f3 Adm.\">Llegeix m\u00e9s\u00bb<\/a><\/p>\n","protected":false},"author":2,"featured_media":445,"comment_status":"closed","ping_status":"closed","sticky":false,"template":"","format":"standard","meta":{"_bbp_topic_count":0,"_bbp_reply_count":0,"_bbp_total_topic_count":0,"_bbp_total_reply_count":0,"_bbp_voice_count":0,"_bbp_anonymous_reply_count":0,"_bbp_topic_count_hidden":0,"_bbp_reply_count_hidden":0,"_bbp_forum_subforum_count":0,"footnotes":""},"categories":[1,114,29],"tags":[104,39],"class_list":["post-184","post","type-post","status-publish","format-standard","has-post-thumbnail","hentry","category-general","category-fpgm-adm","category-portada","tag-activitats","tag-sortides"],"post_mailing_queue_ids":[],"_links":{"self":[{"href":"https:\/\/agora.xtec.cat\/iesmarina\/wp-json\/wp\/v2\/posts\/184","targetHints":{"allow":["GET"]}}],"collection":[{"href":"https:\/\/agora.xtec.cat\/iesmarina\/wp-json\/wp\/v2\/posts"}],"about":[{"href":"https:\/\/agora.xtec.cat\/iesmarina\/wp-json\/wp\/v2\/types\/post"}],"author":[{"embeddable":true,"href":"https:\/\/agora.xtec.cat\/iesmarina\/wp-json\/wp\/v2\/users\/2"}],"replies":[{"embeddable":true,"href":"https:\/\/agora.xtec.cat\/iesmarina\/wp-json\/wp\/v2\/comments?post=184"}],"version-history":[{"count":3,"href":"https:\/\/agora.xtec.cat\/iesmarina\/wp-json\/wp\/v2\/posts\/184\/revisions"}],"predecessor-version":[{"id":446,"href":"https:\/\/agora.xtec.cat\/iesmarina\/wp-json\/wp\/v2\/posts\/184\/revisions\/446"}],"wp:featuredmedia":[{"embeddable":true,"href":"https:\/\/agora.xtec.cat\/iesmarina\/wp-json\/wp\/v2\/media\/445"}],"wp:attachment":[{"href":"https:\/\/agora.xtec.cat\/iesmarina\/wp-json\/wp\/v2\/media?parent=184"}],"wp:term":[{"taxonomy":"category","embeddable":true,"href":"https:\/\/agora.xtec.cat\/iesmarina\/wp-json\/wp\/v2\/categories?post=184"},{"taxonomy":"post_tag","embeddable":true,"href":"https:\/\/agora.xtec.cat\/iesmarina\/wp-json\/wp\/v2\/tags?post=184"}],"curies":[{"name":"wp","href":"https:\/\/api.w.org\/{rel}","templated":true}]}}