{"id":1775,"date":"2018-02-27T19:14:10","date_gmt":"2018-02-27T18:14:10","guid":{"rendered":"http:\/\/agora.xtec.cat\/iesmarina\/?p=1775"},"modified":"2018-04-03T17:27:15","modified_gmt":"2018-04-03T15:27:15","slug":"sortida-cicle-administratiu","status":"publish","type":"post","link":"https:\/\/agora.xtec.cat\/iesmarina\/general\/sortida-cicle-administratiu\/","title":{"rendered":"Sortida Cicle Administratiu"},"content":{"rendered":"<p><span style=\"color: #00ffff;\"><strong>Visita al S\u00edndic de Greuges i al Parlament de Catalunya amb alumnes de 1r de Gesti\u00f3 Administrativa i de 1r d\u2019Administraci\u00f3 i Finances<\/strong><\/span><\/p>\n<p>El dilluns 12 de febrer els alumnes de 1r de Gesti\u00f3 Administrativa i de 1r d\u2019Administraci\u00f3 i Finances v\u00e0rem visitar dos institucions democr\u00e0tiques cabdals en el nostre sistema: el S\u00edndic de Greuges i el Parlament de Catalunya.<\/p>\n<p>La visita a aquestes dues institucions ens va permetre posar en situaci\u00f3 i integrar els continguts te\u00f2rics i pr\u00e0ctics treballats a l\u2019aula.<\/p>\n<p>Ens va rebre personal especialitzat que ens va explicar qui s\u00f3n, quines funcions tenen, com s\u2019organitzen i quin paper juguen en tot l\u2019engranatge del nostre sistema. Especialment en el Parlament de Catalunya ens van explicar de forma detallada com treballen i com el poder legislatiu desenvolupa les seves funcions.<\/p>\n<p>Destacar l\u2019alta participaci\u00f3 dels alumnes que van mostrar molta motivaci\u00f3 i inter\u00e8s.<\/p>\n","protected":false},"excerpt":{"rendered":"<p>Visita al S\u00edndic de Greuges i al Parlament de Catalunya amb alumnes de 1r de Gesti\u00f3 Administrativa i de 1r d\u2019Administraci\u00f3 i Finances<br \/>\nEl dilluns 12 de febrer els alumnes de 1r de Gesti\u00f3 Administrativa i de 1r d\u2019Administraci\u00f3 i Finances v\u00e0rem visitar dos institucions democr\u00e0tiques&hellip;  <a href=\"https:\/\/agora.xtec.cat\/iesmarina\/general\/sortida-cicle-administratiu\/\" title=\"Read Sortida Cicle Administratiu\">Llegeix m\u00e9s\u00bb<\/a><\/p>\n","protected":false},"author":2,"featured_media":1776,"comment_status":"closed","ping_status":"closed","sticky":false,"template":"","format":"standard","meta":{"_bbp_topic_count":0,"_bbp_reply_count":0,"_bbp_total_topic_count":0,"_bbp_total_reply_count":0,"_bbp_voice_count":0,"_bbp_anonymous_reply_count":0,"_bbp_topic_count_hidden":0,"_bbp_reply_count_hidden":0,"_bbp_forum_subforum_count":0,"footnotes":""},"categories":[118,1,114,29],"tags":[39,58],"class_list":["post-1775","post","type-post","status-publish","format-standard","has-post-thumbnail","hentry","category-fpgs-adm-i-finz","category-general","category-fpgm-adm","category-portada","tag-sortides","tag-tallers"],"post_mailing_queue_ids":[],"_links":{"self":[{"href":"https:\/\/agora.xtec.cat\/iesmarina\/wp-json\/wp\/v2\/posts\/1775","targetHints":{"allow":["GET"]}}],"collection":[{"href":"https:\/\/agora.xtec.cat\/iesmarina\/wp-json\/wp\/v2\/posts"}],"about":[{"href":"https:\/\/agora.xtec.cat\/iesmarina\/wp-json\/wp\/v2\/types\/post"}],"author":[{"embeddable":true,"href":"https:\/\/agora.xtec.cat\/iesmarina\/wp-json\/wp\/v2\/users\/2"}],"replies":[{"embeddable":true,"href":"https:\/\/agora.xtec.cat\/iesmarina\/wp-json\/wp\/v2\/comments?post=1775"}],"version-history":[{"count":2,"href":"https:\/\/agora.xtec.cat\/iesmarina\/wp-json\/wp\/v2\/posts\/1775\/revisions"}],"predecessor-version":[{"id":1778,"href":"https:\/\/agora.xtec.cat\/iesmarina\/wp-json\/wp\/v2\/posts\/1775\/revisions\/1778"}],"wp:featuredmedia":[{"embeddable":true,"href":"https:\/\/agora.xtec.cat\/iesmarina\/wp-json\/wp\/v2\/media\/1776"}],"wp:attachment":[{"href":"https:\/\/agora.xtec.cat\/iesmarina\/wp-json\/wp\/v2\/media?parent=1775"}],"wp:term":[{"taxonomy":"category","embeddable":true,"href":"https:\/\/agora.xtec.cat\/iesmarina\/wp-json\/wp\/v2\/categories?post=1775"},{"taxonomy":"post_tag","embeddable":true,"href":"https:\/\/agora.xtec.cat\/iesmarina\/wp-json\/wp\/v2\/tags?post=1775"}],"curies":[{"name":"wp","href":"https:\/\/api.w.org\/{rel}","templated":true}]}}