{"id":1758,"date":"2012-06-17T21:50:04","date_gmt":"2012-06-17T19:50:04","guid":{"rendered":"http:\/\/agora.xtec.cat\/iesmarina\/?p=1758"},"modified":"2018-04-03T11:43:17","modified_gmt":"2018-04-03T09:43:17","slug":"venda-de-llibres-2012-2013","status":"publish","type":"post","link":"https:\/\/agora.xtec.cat\/iesmarina\/general\/venda-de-llibres-2012-2013\/","title":{"rendered":"Venda de llibres 2012 &#8211; 2013"},"content":{"rendered":"<table style=\"width: 540px; height: 327px;\">\n<thead>\n<tr>\n<td style=\"width: 257.61px; text-align: center;\">\n<h5>CURS<\/h5>\n<\/td>\n<td style=\"width: 118.742px; text-align: center;\">\n<h5>DATA<\/h5>\n<\/td>\n<td style=\"width: 156.981px; text-align: center;\">\n<h5>HORARI<\/h5>\n<\/td>\n<\/tr>\n<\/thead>\n<tbody>\n<tr>\n<td style=\"width: 257.61px;\">1r ESO<\/td>\n<td style=\"width: 118.742px;\">7 de setembre<\/td>\n<td style=\"width: 156.981px;\">10 &#8211; 14 h i de 15 &#8211; 19h<\/td>\n<\/tr>\n<tr>\n<td style=\"width: 257.61px;\">2n ESO<\/td>\n<td style=\"width: 118.742px;\">3 de setembre<\/td>\n<td style=\"width: 156.981px;\">10 &#8211; 14 h i de 15 &#8211; 19h<\/td>\n<\/tr>\n<tr>\n<td style=\"width: 257.61px;\">3r ESO<\/td>\n<td style=\"width: 118.742px;\">4 de setembre<\/td>\n<td style=\"width: 156.981px;\">10 &#8211; 14 h i de 15 &#8211; 19h<\/td>\n<\/tr>\n<tr>\n<td style=\"width: 257.61px;\">4t ESO<\/td>\n<td style=\"width: 118.742px;\">5 de setembre<\/td>\n<td style=\"width: 156.981px;\">10 &#8211; 14 h i de 15 &#8211; 19h<\/td>\n<\/tr>\n<tr>\n<td style=\"width: 257.61px;\">1r BATXILLERAT i incid\u00e8ncies<\/td>\n<td style=\"width: 118.742px;\">6 de setembre<\/td>\n<td style=\"width: 156.981px;\">10 &#8211; 14 h i de 15 &#8211; 19h<\/td>\n<\/tr>\n<tr>\n<td style=\"width: 257.61px;\">2n BATXILLERAT i alumnes d&#8217;ESO que han recuperat<\/td>\n<td style=\"width: 118.742px;\">7 de setembre<\/td>\n<td style=\"width: 156.981px;\">10 &#8211; 14 h i de 15 &#8211; 19h<\/td>\n<\/tr>\n<tr>\n<td style=\"width: 257.61px;\">CICLES FORMATIUS i incid\u00e8ncies<\/td>\n<td style=\"width: 118.742px;\">12 de setembre<\/td>\n<td style=\"width: 156.981px;\">10 &#8211; 14 h i de 15 &#8211; 19h<\/td>\n<\/tr>\n<\/tbody>\n<tfoot>\n<tr>\n<td style=\"width: 535.346px;\" colspan=\"3\">ATENCI\u00d3! HI HA CANVIS ALS LLIBRES DE CATAL\u00c0 DE 1r BATX. A 4 t ESO ES SUPRIMEIX EL LLIBRE D&#8217;\u00c8TICO-C\u00cdVICA<\/td>\n<\/tr>\n<\/tfoot>\n<\/table>\n","protected":false},"excerpt":{"rendered":"<p>CURS<\/p>\n<p>DATA<\/p>\n<p>HORARI<\/p>\n<p>1r ESO<br \/>\n7 de setembre<br \/>\n10 &#8211; 14 h i de 15 &#8211; 19h<\/p>\n<p>2n ESO<br \/>\n3 de setembre<br \/>\n10 &#8211; 14 h i de 15 &#8211; 19h<\/p>\n<p>3r ESO<br \/>\n4 de setembre<br \/>\n10 &#8211; 14 h i de 15 &#8211; 19h<\/p>\n<p>4t ESO<br \/>\n5 de setembre<br \/>\n10 &#8211; 14 h i de 15 &#8211; 19h<\/p>\n<p>1r&hellip;  <a href=\"https:\/\/agora.xtec.cat\/iesmarina\/general\/venda-de-llibres-2012-2013\/\" title=\"Read Venda de llibres 2012 &#8211; 2013\">Llegeix m\u00e9s\u00bb<\/a><\/p>\n","protected":false},"author":1,"featured_media":0,"comment_status":"closed","ping_status":"closed","sticky":false,"template":"","format":"standard","meta":{"_bbp_topic_count":0,"_bbp_reply_count":0,"_bbp_total_topic_count":0,"_bbp_total_reply_count":0,"_bbp_voice_count":0,"_bbp_anonymous_reply_count":0,"_bbp_topic_count_hidden":0,"_bbp_reply_count_hidden":0,"_bbp_forum_subforum_count":0,"footnotes":""},"categories":[31,1,29],"tags":[179],"class_list":["post-1758","post","type-post","status-publish","format-standard","hentry","category-ampa","category-general","category-portada","tag-informacions"],"post_mailing_queue_ids":[],"_links":{"self":[{"href":"https:\/\/agora.xtec.cat\/iesmarina\/wp-json\/wp\/v2\/posts\/1758","targetHints":{"allow":["GET"]}}],"collection":[{"href":"https:\/\/agora.xtec.cat\/iesmarina\/wp-json\/wp\/v2\/posts"}],"about":[{"href":"https:\/\/agora.xtec.cat\/iesmarina\/wp-json\/wp\/v2\/types\/post"}],"author":[{"embeddable":true,"href":"https:\/\/agora.xtec.cat\/iesmarina\/wp-json\/wp\/v2\/users\/1"}],"replies":[{"embeddable":true,"href":"https:\/\/agora.xtec.cat\/iesmarina\/wp-json\/wp\/v2\/comments?post=1758"}],"version-history":[{"count":2,"href":"https:\/\/agora.xtec.cat\/iesmarina\/wp-json\/wp\/v2\/posts\/1758\/revisions"}],"predecessor-version":[{"id":1819,"href":"https:\/\/agora.xtec.cat\/iesmarina\/wp-json\/wp\/v2\/posts\/1758\/revisions\/1819"}],"wp:attachment":[{"href":"https:\/\/agora.xtec.cat\/iesmarina\/wp-json\/wp\/v2\/media?parent=1758"}],"wp:term":[{"taxonomy":"category","embeddable":true,"href":"https:\/\/agora.xtec.cat\/iesmarina\/wp-json\/wp\/v2\/categories?post=1758"},{"taxonomy":"post_tag","embeddable":true,"href":"https:\/\/agora.xtec.cat\/iesmarina\/wp-json\/wp\/v2\/tags?post=1758"}],"curies":[{"name":"wp","href":"https:\/\/api.w.org\/{rel}","templated":true}]}}