{"id":1750,"date":"2013-01-26T21:42:52","date_gmt":"2013-01-26T20:42:52","guid":{"rendered":"http:\/\/agora.xtec.cat\/iesmarina\/?p=1750"},"modified":"2018-04-03T11:19:39","modified_gmt":"2018-04-03T09:19:39","slug":"els-nostres-alumnes-parlant-angles","status":"publish","type":"post","link":"https:\/\/agora.xtec.cat\/iesmarina\/general\/els-nostres-alumnes-parlant-angles\/","title":{"rendered":"Els\u00a0nostres alumnes parlant angl\u00e8s!"},"content":{"rendered":"<p class=\"title\">\n<p>El passat dia 25 de gener van tornar cap als seus pa\u00efsos tots els professors i professores de Comenius que van visitar la nostra ciutat, amb un bon record del nostre institut, INS Marina, i de Barcelona. La seva estada va ser de cinc dies i provenien d&#8217;It\u00e0lia, Eslov\u00e0quia, Alemanya, Pol\u00f2nia i Fran\u00e7a. Directors i directores formaven part tamb\u00e9 d&#8217;aquest equip de professors.<\/p>\n<p>Comenius \u00e9s un projecte europeu que t\u00e9 com a finalitat que un conjunt de pa\u00efsos, en aquest cas sis, treballin sobre un mateix tema i es reuneixin en un o m\u00e9s dels pa\u00efsos que formen part del projecte, que t\u00e9 una durada de dos anys.<\/p>\n<p>L&#8217;INS MARINA PARTICIPA EN UN PROJECTE EUROPEU MOLT ACTUAL, JOB MIGRATION IN EUROPE<\/p>\n<p>Un grup de vuit alumnes de 1r de batxillerat participen enguany en aquest projecte, sense cap cost per a les fam\u00edlies. El proper dia vuit d&#8217;abril aniran a Halle, Alemanya, a una trobada amb tots els seus companys i professors de Comenius. En total, un nombr\u00f3s grup d&#8217;aproximadament sentanta-dues persones estaran portant a terme activitats pedag\u00f2giques i culturals en la localitat alemanya. El curs passat vam anar a Estrasburg i el resultat va ser molt satisfactori.<\/p>\n<p>Els alumnes participants en aquest projecte tenen un nivell bo d&#8217;angl\u00e8s per a poder comunicar-se amb autonomia i assiteixen a l&#8217;institut una hora a la setmana, fora de l&#8217;horari escolar, per a treballar sobre el tema de la migraci\u00f3 laboral a Europa. Aquest esfor\u00e7 suplemenari es veur\u00e0 \u00e0mpliament recompensat amb la gratu\u00eftat del viatge i estada, subvencionat amb Fons Europeus.<\/p>\n<p>La seva actitud \u00e9s molt col\u00b7laboradora i van acceptar sense cap problema fer de guies dels professors visitants per l&#8217;institut. La llengua vehicular era l&#8217;angl\u00e8s. L&#8217;INS Marina t\u00e9 com a una de les prioritats promocionar l&#8217;\u00fas de l&#8217;angl\u00e8s en contextos reals i activitats com aquestes ajuden a qu\u00e8 els alumnes preguin consci\u00e8ncia del poder comunicatiu que t\u00e9 aquesta llengua estrangera, apresa a les aules i que tan valorada est\u00e0 en el m\u00f3n laboral actual.<\/p>\n","protected":false},"excerpt":{"rendered":"<p>El passat dia 25 de gener van tornar cap als seus pa\u00efsos tots els professors i professores de Comenius que van visitar la nostra ciutat, amb un bon record del nostre institut, INS Marina, i de Barcelona. La seva estada va ser de cinc dies&hellip;  <a href=\"https:\/\/agora.xtec.cat\/iesmarina\/general\/els-nostres-alumnes-parlant-angles\/\" title=\"Read Els\u00a0nostres alumnes parlant angl\u00e8s!\">Llegeix m\u00e9s\u00bb<\/a><\/p>\n","protected":false},"author":1,"featured_media":1751,"comment_status":"closed","ping_status":"closed","sticky":false,"template":"","format":"standard","meta":{"_bbp_topic_count":0,"_bbp_reply_count":0,"_bbp_total_topic_count":0,"_bbp_total_reply_count":0,"_bbp_voice_count":0,"_bbp_anonymous_reply_count":0,"_bbp_topic_count_hidden":0,"_bbp_reply_count_hidden":0,"_bbp_forum_subforum_count":0,"footnotes":""},"categories":[8,1,136,29],"tags":[104,165],"class_list":["post-1750","post","type-post","status-publish","format-standard","has-post-thumbnail","hentry","category-batxillerat","category-general","category-ll_estrangeres","category-portada","tag-activitats","tag-comenius"],"post_mailing_queue_ids":[],"_links":{"self":[{"href":"https:\/\/agora.xtec.cat\/iesmarina\/wp-json\/wp\/v2\/posts\/1750","targetHints":{"allow":["GET"]}}],"collection":[{"href":"https:\/\/agora.xtec.cat\/iesmarina\/wp-json\/wp\/v2\/posts"}],"about":[{"href":"https:\/\/agora.xtec.cat\/iesmarina\/wp-json\/wp\/v2\/types\/post"}],"author":[{"embeddable":true,"href":"https:\/\/agora.xtec.cat\/iesmarina\/wp-json\/wp\/v2\/users\/1"}],"replies":[{"embeddable":true,"href":"https:\/\/agora.xtec.cat\/iesmarina\/wp-json\/wp\/v2\/comments?post=1750"}],"version-history":[{"count":1,"href":"https:\/\/agora.xtec.cat\/iesmarina\/wp-json\/wp\/v2\/posts\/1750\/revisions"}],"predecessor-version":[{"id":1752,"href":"https:\/\/agora.xtec.cat\/iesmarina\/wp-json\/wp\/v2\/posts\/1750\/revisions\/1752"}],"wp:featuredmedia":[{"embeddable":true,"href":"https:\/\/agora.xtec.cat\/iesmarina\/wp-json\/wp\/v2\/media\/1751"}],"wp:attachment":[{"href":"https:\/\/agora.xtec.cat\/iesmarina\/wp-json\/wp\/v2\/media?parent=1750"}],"wp:term":[{"taxonomy":"category","embeddable":true,"href":"https:\/\/agora.xtec.cat\/iesmarina\/wp-json\/wp\/v2\/categories?post=1750"},{"taxonomy":"post_tag","embeddable":true,"href":"https:\/\/agora.xtec.cat\/iesmarina\/wp-json\/wp\/v2\/tags?post=1750"}],"curies":[{"name":"wp","href":"https:\/\/api.w.org\/{rel}","templated":true}]}}