{"id":1728,"date":"2013-04-23T21:16:55","date_gmt":"2013-04-23T19:16:55","guid":{"rendered":"http:\/\/agora.xtec.cat\/iesmarina\/?p=1728"},"modified":"2018-04-03T11:18:21","modified_gmt":"2018-04-03T09:18:21","slug":"viatge-comenius-a-alemanya","status":"publish","type":"post","link":"https:\/\/agora.xtec.cat\/iesmarina\/general\/viatge-comenius-a-alemanya\/","title":{"rendered":"Viatge\u00a0Comenius a Alemanya"},"content":{"rendered":"<p class=\"title\">\n<p lang=\"ca-ES\">Vuit alumnes de 1r de batxillerat han anat a Halle, Alemanya, del 8 al 12 d&#8217;abril, acompanyats de dues professores. El viatge ha tingut cost zero per als alumnes, ja que est\u00e0 sostingut amb fons europeus. A canvi, els alumnes han aportat el seu treball, venint a l&#8217;institut en hores fora de l&#8217;horari escolar.<\/p>\n<p lang=\"ca-ES\">Aquests alumnes han estant treballant sobre el tema\u00a0<em>La Migraci\u00f3 Laboral a Europa<\/em>\u00a0des del mes d&#8217;octubre fins a l&#8217;abril, coordinats per una professora d&#8217;angl\u00e8s, i compartint la informaci\u00f3 trobada en documents en l\u00ednia. Han fet recerca sobre l&#8217;oferta laboral amb m\u00e9s demanda a Espanya i han investigat sobre els requisits i qualificacions necess\u00e0ries per aconseguir certs treballs al nostre pa\u00eds, com pilot, cuiner, professor, inform\u00e0tic i guia tur\u00edstic.<\/p>\n<p lang=\"ca-ES\">El resultat de totes les seves recerques el van presentar a Halle, davant tots els altres alumnes i professors de cinc pa\u00efsos diferents: francesos, italians, eslovacs, polonesos i alemanys. Els alumnes van utilitzar diferents mitjans per a presentar la feina, com p\u00f2sters, unes presentacions power point i diferents tr\u00edptics informatius.<\/p>\n<p lang=\"ca-ES\">L&#8217; experi\u00e8ncia ha estat \u00fanica i gratificant per als alumnes. Per primer cop en les seves vides escolars han compartit viv\u00e8ncies, converses, diversi\u00f3 i treball amb alumnes de cinc pa\u00efsos diferents, en un espai com\u00fa: Halle.<\/p>\n<p lang=\"ca-ES\">\n","protected":false},"excerpt":{"rendered":"<p>Vuit alumnes de 1r de batxillerat han anat a Halle, Alemanya, del 8 al 12 d&#8217;abril, acompanyats de dues professores. El viatge ha tingut cost zero per als alumnes, ja que est\u00e0 sostingut amb fons europeus. A canvi, els alumnes han aportat el seu treball,&hellip;  <a href=\"https:\/\/agora.xtec.cat\/iesmarina\/general\/viatge-comenius-a-alemanya\/\" title=\"Read Viatge\u00a0Comenius a Alemanya\">Llegeix m\u00e9s\u00bb<\/a><\/p>\n","protected":false},"author":1,"featured_media":1729,"comment_status":"closed","ping_status":"closed","sticky":false,"template":"","format":"standard","meta":{"_bbp_topic_count":0,"_bbp_reply_count":0,"_bbp_total_topic_count":0,"_bbp_total_reply_count":0,"_bbp_voice_count":0,"_bbp_anonymous_reply_count":0,"_bbp_topic_count_hidden":0,"_bbp_reply_count_hidden":0,"_bbp_forum_subforum_count":0,"footnotes":""},"categories":[8,1,136],"tags":[104,165],"class_list":["post-1728","post","type-post","status-publish","format-standard","has-post-thumbnail","hentry","category-batxillerat","category-general","category-ll_estrangeres","tag-activitats","tag-comenius"],"post_mailing_queue_ids":[],"_links":{"self":[{"href":"https:\/\/agora.xtec.cat\/iesmarina\/wp-json\/wp\/v2\/posts\/1728","targetHints":{"allow":["GET"]}}],"collection":[{"href":"https:\/\/agora.xtec.cat\/iesmarina\/wp-json\/wp\/v2\/posts"}],"about":[{"href":"https:\/\/agora.xtec.cat\/iesmarina\/wp-json\/wp\/v2\/types\/post"}],"author":[{"embeddable":true,"href":"https:\/\/agora.xtec.cat\/iesmarina\/wp-json\/wp\/v2\/users\/1"}],"replies":[{"embeddable":true,"href":"https:\/\/agora.xtec.cat\/iesmarina\/wp-json\/wp\/v2\/comments?post=1728"}],"version-history":[{"count":1,"href":"https:\/\/agora.xtec.cat\/iesmarina\/wp-json\/wp\/v2\/posts\/1728\/revisions"}],"predecessor-version":[{"id":1730,"href":"https:\/\/agora.xtec.cat\/iesmarina\/wp-json\/wp\/v2\/posts\/1728\/revisions\/1730"}],"wp:featuredmedia":[{"embeddable":true,"href":"https:\/\/agora.xtec.cat\/iesmarina\/wp-json\/wp\/v2\/media\/1729"}],"wp:attachment":[{"href":"https:\/\/agora.xtec.cat\/iesmarina\/wp-json\/wp\/v2\/media?parent=1728"}],"wp:term":[{"taxonomy":"category","embeddable":true,"href":"https:\/\/agora.xtec.cat\/iesmarina\/wp-json\/wp\/v2\/categories?post=1728"},{"taxonomy":"post_tag","embeddable":true,"href":"https:\/\/agora.xtec.cat\/iesmarina\/wp-json\/wp\/v2\/tags?post=1728"}],"curies":[{"name":"wp","href":"https:\/\/api.w.org\/{rel}","templated":true}]}}