{"id":1721,"date":"2013-10-18T21:11:02","date_gmt":"2013-10-18T19:11:02","guid":{"rendered":"http:\/\/agora.xtec.cat\/iesmarina\/?p=1721"},"modified":"2018-04-03T11:20:58","modified_gmt":"2018-04-03T09:20:58","slug":"informacio-sobre-la-vaga","status":"publish","type":"post","link":"https:\/\/agora.xtec.cat\/iesmarina\/general\/informacio-sobre-la-vaga\/","title":{"rendered":"Informaci\u00f3\u00a0sobre la vaga"},"content":{"rendered":"<h2 class=\"title\">Benvolgudes fam\u00edlies,<\/h2>\n<p class=\"normal\">El proper dijous 24 d&#8217;octubre de 2013, els principals sindicats educatius han convocat una jornada de vaga general educativa a tot l&#8217;Estat. La convocat\u00f2ria d&#8217;aquesta vaga s&#8217;emmarca en el proc\u00e9s de lluita contra l&#8217;aprovaci\u00f3 d&#8217;una nova llei educativa per part del Govern Espanyol, la LOMCE, i contra les pol\u00edtiques de retallades dels pressupostos educatius dels governs catal\u00e0 i espanyol, que empitjoraran l&#8217;atenci\u00f3 educativa que reben els nostres joves i infants, el futur de la nostra societat. La FAPAC d\u00f3na ple suport a aquesta vaga.<\/p>\n<p class=\"normal\">La LOMCE afectar\u00e0 als vostres fills i filles perqu\u00e8:<\/p>\n<p class=\"normal\">\u25cf\u00a0\u00a0\u00a0\u00a0\u00a0\u00a0\u00a0Vol dividir l&#8217;alumnat a una edat molt preco\u00e7 perqu\u00e8 parteix de la idea que les persones no podem millorar mitjan\u00e7ant l&#8217;educaci\u00f3 i de qu\u00e8 no tothom pot tenir els mateixos &#8220;talents&#8221;.<\/p>\n<p class=\"normal\">\u25cf\u00a0\u00a0\u00a0\u00a0\u00a0\u00a0\u00a0Vol suprimir l\u2019Educaci\u00f3 per a la Ciutadania, la mat\u00e8ria que tracta dels drets i els deures de les persones i la conviv\u00e8ncia democr\u00e0tica. En canvi promou la religi\u00f3 cat\u00f2lica i l\u2019ensenyament que separa nois i noies.<\/p>\n<p class=\"normal\">\u25cf\u00a0\u00a0\u00a0\u00a0\u00a0\u00a0\u00a0Vol limitar l\u2019ensenyament d\u2019alguns sabers: les arts i la tecnologia s\u00f3n les mat\u00e8ries que perden m\u00e9s pes i la llengua catalana deixa de ser troncal.<\/p>\n<p class=\"normal\">\u25cf\u00a0\u00a0\u00a0\u00a0\u00a0\u00a0\u00a0Vol uniformitzar els coneixements mitjan\u00e7ant ex\u00e0mens id\u00e8ntics i simultanis que podran filtrar el nombre d&#8217;alumnes que van a batxillerat i a la universitat.<\/p>\n<p class=\"normal\">\u25cf\u00a0\u00a0\u00a0\u00a0\u00a0\u00a0\u00a0Permetr\u00e0 que els centres seleccionin alumnes en funci\u00f3 de la nota o d&#8217;altres motius, i no que les fam\u00edlies seleccionin els centres.<\/p>\n<p class=\"normal\">\u25cf\u00a0\u00a0\u00a0\u00a0\u00a0\u00a0\u00a0Les fam\u00edlies, l&#8217;alumnat i els municipis deixaran de tenir pes en les decisions del centre, ja que els consells escolars deixen de ser \u00f2rgans de govern.<\/p>\n<p class=\"normal\">\u25cf\u00a0\u00a0\u00a0\u00a0\u00a0\u00a0\u00a0Posa en perill la gratu\u00eftat de l\u2019educaci\u00f3 mitjan\u00e7ant la imposici\u00f3 de taxes i la privatitzaci\u00f3.<\/p>\n<p class=\"normal\">\u25cf\u00a0\u00a0\u00a0\u00a0\u00a0\u00a0\u00a0Es podr\u00e0 separar l&#8217;alumnat en funci\u00f3 de la seva llengua. S\u2019esquerda el model d\u2019immersi\u00f3 ling\u00fc\u00edstica que des de fa m\u00e9s de 30 anys s\u2019aplica amb \u00e8xit a Catalunya.<\/p>\n<p>Uns serveis m\u00ednims garantiran la seguretat i l&#8217;atenci\u00f3 de l&#8217;alumnat que sigui present al centre, malgrat que no es podr\u00e0 garantir l&#8217;atenci\u00f3 lectiva normal.<br \/>\nLa Direcci\u00f3 de l\u2019INS Marina<\/p>\n<p>La Llagosta, 18 d\u2019octubre de 2013<\/p>\n","protected":false},"excerpt":{"rendered":"<p>Benvolgudes fam\u00edlies,<br \/>\nEl proper dijous 24 d&#8217;octubre de 2013, els principals sindicats educatius han convocat una jornada de vaga general educativa a tot l&#8217;Estat. La convocat\u00f2ria d&#8217;aquesta vaga s&#8217;emmarca en el proc\u00e9s de lluita contra l&#8217;aprovaci\u00f3 d&#8217;una nova llei educativa per part del Govern Espanyol, la&hellip;  <a href=\"https:\/\/agora.xtec.cat\/iesmarina\/general\/informacio-sobre-la-vaga\/\" title=\"Read Informaci\u00f3\u00a0sobre la vaga\">Llegeix m\u00e9s\u00bb<\/a><\/p>\n","protected":false},"author":1,"featured_media":0,"comment_status":"closed","ping_status":"closed","sticky":false,"template":"","format":"standard","meta":{"_bbp_topic_count":0,"_bbp_reply_count":0,"_bbp_total_topic_count":0,"_bbp_total_reply_count":0,"_bbp_voice_count":0,"_bbp_anonymous_reply_count":0,"_bbp_topic_count_hidden":0,"_bbp_reply_count_hidden":0,"_bbp_forum_subforum_count":0,"footnotes":""},"categories":[1,29],"tags":[179],"class_list":["post-1721","post","type-post","status-publish","format-standard","hentry","category-general","category-portada","tag-informacions"],"post_mailing_queue_ids":[],"_links":{"self":[{"href":"https:\/\/agora.xtec.cat\/iesmarina\/wp-json\/wp\/v2\/posts\/1721","targetHints":{"allow":["GET"]}}],"collection":[{"href":"https:\/\/agora.xtec.cat\/iesmarina\/wp-json\/wp\/v2\/posts"}],"about":[{"href":"https:\/\/agora.xtec.cat\/iesmarina\/wp-json\/wp\/v2\/types\/post"}],"author":[{"embeddable":true,"href":"https:\/\/agora.xtec.cat\/iesmarina\/wp-json\/wp\/v2\/users\/1"}],"replies":[{"embeddable":true,"href":"https:\/\/agora.xtec.cat\/iesmarina\/wp-json\/wp\/v2\/comments?post=1721"}],"version-history":[{"count":1,"href":"https:\/\/agora.xtec.cat\/iesmarina\/wp-json\/wp\/v2\/posts\/1721\/revisions"}],"predecessor-version":[{"id":1722,"href":"https:\/\/agora.xtec.cat\/iesmarina\/wp-json\/wp\/v2\/posts\/1721\/revisions\/1722"}],"wp:attachment":[{"href":"https:\/\/agora.xtec.cat\/iesmarina\/wp-json\/wp\/v2\/media?parent=1721"}],"wp:term":[{"taxonomy":"category","embeddable":true,"href":"https:\/\/agora.xtec.cat\/iesmarina\/wp-json\/wp\/v2\/categories?post=1721"},{"taxonomy":"post_tag","embeddable":true,"href":"https:\/\/agora.xtec.cat\/iesmarina\/wp-json\/wp\/v2\/tags?post=1721"}],"curies":[{"name":"wp","href":"https:\/\/api.w.org\/{rel}","templated":true}]}}