{"id":1691,"date":"2013-10-25T12:30:59","date_gmt":"2013-10-25T10:30:59","guid":{"rendered":"http:\/\/agora.xtec.cat\/iesmarina\/?p=1691"},"modified":"2018-04-03T11:20:45","modified_gmt":"2018-04-03T09:20:45","slug":"alumnes-delectronica-guardonats-als-premis-argo","status":"publish","type":"post","link":"https:\/\/agora.xtec.cat\/iesmarina\/general\/alumnes-delectronica-guardonats-als-premis-argo\/","title":{"rendered":"Alumnes\u00a0d&#8217;Electr\u00f2nica guardonats als Premis Arg\u00f3"},"content":{"rendered":"<h4 class=\"title\"><\/h4>\n<p>El 21 d\u2019Octubre es van lliurar els\u00a0premis ARG\u00d3\u00a02013 (10a edici\u00f3) de la Universitat Aut\u00f2noma de Barcelona. S\u00f3n uns premis per a projectes de cicles formatius de grau superior amb la finalitat de recon\u00e8ixer l\u2019esfor\u00e7 dels estudiants.<\/p>\n<p>El Departament d\u2019Electr\u00f2nica va participar amb el projecte\u00a0<i>\u201c<a href=\"https:\/\/photos.google.com\/album\/AF1QipPUIq87G3sBGua4KNWlzYVefBuIGRNhzmImTcKU\" target=\"_blank\" rel=\"noopener noreferrer\">Posicionador X-Y amb servomotors Brushless<\/a>\u201d<\/i>\u00a0dels alumnes Manuel Del Pozo Luque i Tom\u00e1s Quero Aguilera (del cicle Desenvolupament de Productes Electr\u00f2nics) que han estat guardonats amb una Menci\u00f3 Honor\u00edfica per la qualitat tecnol\u00f2gica del seu treball.\u00a0<i>Felicitats!<\/i><\/p>\n<p>L\u2019anterior vegada que vam participar, a l\u2019any 2009, vam ser guardonats amb un tercer premi. Per a nosaltres \u00e9s un reconeixement al nivell de formaci\u00f3 dels nostres alumnes i a la tasca realitzada pel Departament.<\/p>\n","protected":false},"excerpt":{"rendered":"<p>El 21 d\u2019Octubre es van lliurar els\u00a0premis ARG\u00d3\u00a02013 (10a edici\u00f3) de la Universitat Aut\u00f2noma de Barcelona. S\u00f3n uns premis per a projectes de cicles formatius de grau superior amb la finalitat de recon\u00e8ixer l\u2019esfor\u00e7 dels estudiants.<br \/>\nEl Departament d\u2019Electr\u00f2nica va participar amb el projecte\u00a0\u201c<a href=\"https:\/\/photos.google.com\/album\/AF1QipPUIq87G3sBGua4KNWlzYVefBuIGRNhzmImTcKU\" target=\"_blank\"&hellip;  <a href=\"https:\/\/agora.xtec.cat\/iesmarina\/general\/alumnes-delectronica-guardonats-als-premis-argo\/\" title=\"Read Alumnes\u00a0d&#8217;Electr\u00f2nica guardonats als Premis Arg\u00f3\">Llegeix m\u00e9s\u00bb<\/a><\/p>\n","protected":false},"author":1,"featured_media":1807,"comment_status":"closed","ping_status":"closed","sticky":false,"template":"","format":"standard","meta":{"_bbp_topic_count":0,"_bbp_reply_count":0,"_bbp_total_topic_count":0,"_bbp_total_reply_count":0,"_bbp_voice_count":0,"_bbp_anonymous_reply_count":0,"_bbp_topic_count_hidden":0,"_bbp_reply_count_hidden":0,"_bbp_forum_subforum_count":0,"footnotes":""},"categories":[30,1,121,29],"tags":[104,161],"class_list":["post-1691","post","type-post","status-publish","format-standard","has-post-thumbnail","hentry","category-cicles-formatius","category-general","category-2-fpgs-manten-elect","category-portada","tag-activitats","tag-premis"],"post_mailing_queue_ids":[],"_links":{"self":[{"href":"https:\/\/agora.xtec.cat\/iesmarina\/wp-json\/wp\/v2\/posts\/1691","targetHints":{"allow":["GET"]}}],"collection":[{"href":"https:\/\/agora.xtec.cat\/iesmarina\/wp-json\/wp\/v2\/posts"}],"about":[{"href":"https:\/\/agora.xtec.cat\/iesmarina\/wp-json\/wp\/v2\/types\/post"}],"author":[{"embeddable":true,"href":"https:\/\/agora.xtec.cat\/iesmarina\/wp-json\/wp\/v2\/users\/1"}],"replies":[{"embeddable":true,"href":"https:\/\/agora.xtec.cat\/iesmarina\/wp-json\/wp\/v2\/comments?post=1691"}],"version-history":[{"count":2,"href":"https:\/\/agora.xtec.cat\/iesmarina\/wp-json\/wp\/v2\/posts\/1691\/revisions"}],"predecessor-version":[{"id":1808,"href":"https:\/\/agora.xtec.cat\/iesmarina\/wp-json\/wp\/v2\/posts\/1691\/revisions\/1808"}],"wp:featuredmedia":[{"embeddable":true,"href":"https:\/\/agora.xtec.cat\/iesmarina\/wp-json\/wp\/v2\/media\/1807"}],"wp:attachment":[{"href":"https:\/\/agora.xtec.cat\/iesmarina\/wp-json\/wp\/v2\/media?parent=1691"}],"wp:term":[{"taxonomy":"category","embeddable":true,"href":"https:\/\/agora.xtec.cat\/iesmarina\/wp-json\/wp\/v2\/categories?post=1691"},{"taxonomy":"post_tag","embeddable":true,"href":"https:\/\/agora.xtec.cat\/iesmarina\/wp-json\/wp\/v2\/tags?post=1691"}],"curies":[{"name":"wp","href":"https:\/\/api.w.org\/{rel}","templated":true}]}}