{"id":1688,"date":"2013-12-22T12:27:36","date_gmt":"2013-12-22T11:27:36","guid":{"rendered":"http:\/\/agora.xtec.cat\/iesmarina\/?p=1688"},"modified":"2018-04-03T11:36:39","modified_gmt":"2018-04-03T09:36:39","slug":"tenim-un-nou-comenius","status":"publish","type":"post","link":"https:\/\/agora.xtec.cat\/iesmarina\/general\/tenim-un-nou-comenius\/","title":{"rendered":"Tenim un nou Comenius!"},"content":{"rendered":"<p>Aquest nou Comenius \u00e9s el tercer que tenim a l&#8217;INS Marina. Aquest cop, el tema \u00e9s l&#8217;esport i q\u00fcestions relacionades, com la dieta o el sedentarisme.<\/p>\n<p>Alguns alumnes de 1 batxillerat, principalment, podran viure una setmana amb alumnes de Turquia, Pol\u00f2nia, It\u00e0lia i Tx\u00e8quia, participant en classes d&#8217;Educaci\u00f3 F\u00edsica que hauran preparat en el seu propi pa\u00eds.<\/p>\n<p>El primer viatge va ser de professors, el passat setembre, per coordinar el projecte. La segona mobilitat,\u00a0 ser\u00e0 a Tx\u00e8quia al gener, on els alumnes podran esquiar tres dies, conviure amb alumnes txecs a\u00a0 casa seva i visitar la capital de la Rep\u00fablica Txeca, Praga. Totes aquestes visites s\u00f3n gratis pels alumnes ja que est\u00e0n financiades per la UE.<\/p>\n<p>El mar\u00e7 d&#8217;enguany rebrem la visita dels quatre pa\u00efsos participants en el projecte, durant una setmana. Tenim molt a fer!<\/p>\n<p>&nbsp;<\/p>\n<p>&nbsp;<\/p>\n","protected":false},"excerpt":{"rendered":"<p>Aquest nou Comenius \u00e9s el tercer que tenim a l&#8217;INS Marina. Aquest cop, el tema \u00e9s l&#8217;esport i q\u00fcestions relacionades, com la dieta o el sedentarisme.<br \/>\nAlguns alumnes de 1 batxillerat, principalment, podran viure una setmana amb alumnes de Turquia, Pol\u00f2nia, It\u00e0lia i Tx\u00e8quia, participant en&hellip;  <a href=\"https:\/\/agora.xtec.cat\/iesmarina\/general\/tenim-un-nou-comenius\/\" title=\"Read Tenim un nou Comenius!\">Llegeix m\u00e9s\u00bb<\/a><\/p>\n","protected":false},"author":1,"featured_media":1805,"comment_status":"closed","ping_status":"closed","sticky":false,"template":"","format":"standard","meta":{"_bbp_topic_count":0,"_bbp_reply_count":0,"_bbp_total_topic_count":0,"_bbp_total_reply_count":0,"_bbp_voice_count":0,"_bbp_anonymous_reply_count":0,"_bbp_topic_count_hidden":0,"_bbp_reply_count_hidden":0,"_bbp_forum_subforum_count":0,"footnotes":""},"categories":[8,138,1,136,29],"tags":[104,37],"class_list":["post-1688","post","type-post","status-publish","format-standard","has-post-thumbnail","hentry","category-batxillerat","category-edu_fis","category-general","category-ll_estrangeres","category-portada","tag-activitats","tag-audiovisuals"],"post_mailing_queue_ids":[],"_links":{"self":[{"href":"https:\/\/agora.xtec.cat\/iesmarina\/wp-json\/wp\/v2\/posts\/1688","targetHints":{"allow":["GET"]}}],"collection":[{"href":"https:\/\/agora.xtec.cat\/iesmarina\/wp-json\/wp\/v2\/posts"}],"about":[{"href":"https:\/\/agora.xtec.cat\/iesmarina\/wp-json\/wp\/v2\/types\/post"}],"author":[{"embeddable":true,"href":"https:\/\/agora.xtec.cat\/iesmarina\/wp-json\/wp\/v2\/users\/1"}],"replies":[{"embeddable":true,"href":"https:\/\/agora.xtec.cat\/iesmarina\/wp-json\/wp\/v2\/comments?post=1688"}],"version-history":[{"count":3,"href":"https:\/\/agora.xtec.cat\/iesmarina\/wp-json\/wp\/v2\/posts\/1688\/revisions"}],"predecessor-version":[{"id":2120,"href":"https:\/\/agora.xtec.cat\/iesmarina\/wp-json\/wp\/v2\/posts\/1688\/revisions\/2120"}],"wp:featuredmedia":[{"embeddable":true,"href":"https:\/\/agora.xtec.cat\/iesmarina\/wp-json\/wp\/v2\/media\/1805"}],"wp:attachment":[{"href":"https:\/\/agora.xtec.cat\/iesmarina\/wp-json\/wp\/v2\/media?parent=1688"}],"wp:term":[{"taxonomy":"category","embeddable":true,"href":"https:\/\/agora.xtec.cat\/iesmarina\/wp-json\/wp\/v2\/categories?post=1688"},{"taxonomy":"post_tag","embeddable":true,"href":"https:\/\/agora.xtec.cat\/iesmarina\/wp-json\/wp\/v2\/tags?post=1688"}],"curies":[{"name":"wp","href":"https:\/\/api.w.org\/{rel}","templated":true}]}}