{"id":1679,"date":"2014-03-20T12:15:59","date_gmt":"2014-03-20T11:15:59","guid":{"rendered":"http:\/\/agora.xtec.cat\/iesmarina\/?p=1679"},"modified":"2018-04-03T11:36:00","modified_gmt":"2018-04-03T09:36:00","slug":"intercanvi-europeu-comenius-move","status":"publish","type":"post","link":"https:\/\/agora.xtec.cat\/iesmarina\/general\/intercanvi-europeu-comenius-move\/","title":{"rendered":"Intercanvi Europeu Comenius Move!"},"content":{"rendered":"<p><iframe loading=\"lazy\" title=\"Video spanish mobility\" width=\"500\" height=\"281\" src=\"https:\/\/www.youtube.com\/embed\/m3CO5GSu7SY?feature=oembed\" frameborder=\"0\" allow=\"accelerometer; autoplay; clipboard-write; encrypted-media; gyroscope; picture-in-picture; web-share\" referrerpolicy=\"strict-origin-when-cross-origin\" allowfullscreen><\/iframe><\/p>\n<p>La setmana del 9 al 15 de mar\u00e7 vam rebre la visita de quatre pa\u00efsos europeus que participen amb l&#8217;Institut Marina en el programa europeu Comenius Move!<\/p>\n<p>En total, al voltant d\u2019unes 64 persones van estar implicades en aquesta mobilitat, a m\u00e9s de la col\u00b7laboraci\u00f3 de l\u2019<strong>Ajuntament de La Llagosta i del Complex Esportiu Municipal El Tur\u00f3<\/strong>. Aix\u00ed mateix, el personal docent de l\u2019Institut, consergeria, secretaria, i fins la cantina, van col\u00b7laborar per a qu\u00e8 tot funcion\u00e9s el millor possible.<\/p>\n<p>Gr\u00e0cies a tots i totes. A continuaci\u00f3 podeu veure el v\u00eddeo que va editar el professor itali\u00e0 Paolo Misuraca, un bon resum d\u2019aquesta setmana.<\/p>\n<p>Tamb\u00e9 podeu llegir, en angl\u00e8s, els comentaris que van fer els alumnes a Facebook.<\/p>\n<p><a href=\"https:\/\/www.youtube.com\/watch?v=qQdLYT674fM\">https:\/\/www.youtube.com\/watch?v=qQdLYT674fM<\/a><\/p>\n<p><strong><em>It has been an amazing week, thanks all of you to make it possible. See you soon people!:) &#8211; V\u00edctor F.<\/em><\/strong><\/p>\n<p><strong><em>Fantastic week with all of you friends!! (Sandra G.)<br \/>\n<\/em><\/strong><\/p>\n<p><strong><em>I&#8217;ll never forget this week!! It was amazing\u00a0 (Natalia D)<\/em><\/strong><\/p>\n<p><strong><em>It was so hard to say good bye without tears! I miss everyone so much!\u00a0 (Regina W.)<\/em><\/strong><\/p>\n<p><em><strong>It was a very wonderful week. I miss everyone (Ezgi K.)<\/strong><\/em><\/p>\n","protected":false},"excerpt":{"rendered":"<p>La setmana del 9 al 15 de mar\u00e7 vam rebre la visita de quatre pa\u00efsos europeus que participen amb l&#8217;Institut Marina en el programa europeu Comenius Move!<\/p>\n<p>En total, al voltant d\u2019unes 64 persones van estar implicades en aquesta mobilitat, a m\u00e9s de la col\u00b7laboraci\u00f3 de l\u2019Ajuntament de La Llagosta i del Complex Esportiu Municipal El Tur\u00f3. Aix\u00ed mateix, el personal docent de l\u2019Institut, consergeria, secretaria, i fins la cantina, van col\u00b7laborar per a qu\u00e8 tot funcion\u00e9s el millor possible.<\/p>\n<p>Gr\u00e0cies a tots i totes. A continuaci\u00f3 podeu veure el v\u00eddeo que va editar el professor itali\u00e0 Paolo Misuraca, un bon resum d\u2019aquesta setmana.<\/p>\n<p>Tamb\u00e9 podeu llegir, en angl\u00e8s, els comentaris que van fer els alumnes a Facebook.&hellip;  <a href=\"https:\/\/agora.xtec.cat\/iesmarina\/general\/intercanvi-europeu-comenius-move\/\" title=\"Read Intercanvi Europeu Comenius Move!\">Llegeix m\u00e9s\u00bb<\/a><\/p>\n","protected":false},"author":1,"featured_media":0,"comment_status":"closed","ping_status":"closed","sticky":false,"template":"","format":"standard","meta":{"_bbp_topic_count":0,"_bbp_reply_count":0,"_bbp_total_topic_count":0,"_bbp_total_reply_count":0,"_bbp_voice_count":0,"_bbp_anonymous_reply_count":0,"_bbp_topic_count_hidden":0,"_bbp_reply_count_hidden":0,"_bbp_forum_subforum_count":0,"footnotes":""},"categories":[8,138,1,136,29],"tags":[37,165],"class_list":["post-1679","post","type-post","status-publish","format-standard","hentry","category-batxillerat","category-edu_fis","category-general","category-ll_estrangeres","category-portada","tag-audiovisuals","tag-comenius"],"post_mailing_queue_ids":[],"_links":{"self":[{"href":"https:\/\/agora.xtec.cat\/iesmarina\/wp-json\/wp\/v2\/posts\/1679","targetHints":{"allow":["GET"]}}],"collection":[{"href":"https:\/\/agora.xtec.cat\/iesmarina\/wp-json\/wp\/v2\/posts"}],"about":[{"href":"https:\/\/agora.xtec.cat\/iesmarina\/wp-json\/wp\/v2\/types\/post"}],"author":[{"embeddable":true,"href":"https:\/\/agora.xtec.cat\/iesmarina\/wp-json\/wp\/v2\/users\/1"}],"replies":[{"embeddable":true,"href":"https:\/\/agora.xtec.cat\/iesmarina\/wp-json\/wp\/v2\/comments?post=1679"}],"version-history":[{"count":2,"href":"https:\/\/agora.xtec.cat\/iesmarina\/wp-json\/wp\/v2\/posts\/1679\/revisions"}],"predecessor-version":[{"id":1804,"href":"https:\/\/agora.xtec.cat\/iesmarina\/wp-json\/wp\/v2\/posts\/1679\/revisions\/1804"}],"wp:attachment":[{"href":"https:\/\/agora.xtec.cat\/iesmarina\/wp-json\/wp\/v2\/media?parent=1679"}],"wp:term":[{"taxonomy":"category","embeddable":true,"href":"https:\/\/agora.xtec.cat\/iesmarina\/wp-json\/wp\/v2\/categories?post=1679"},{"taxonomy":"post_tag","embeddable":true,"href":"https:\/\/agora.xtec.cat\/iesmarina\/wp-json\/wp\/v2\/tags?post=1679"}],"curies":[{"name":"wp","href":"https:\/\/api.w.org\/{rel}","templated":true}]}}