{"id":1670,"date":"2014-04-10T12:06:07","date_gmt":"2014-04-10T10:06:07","guid":{"rendered":"http:\/\/agora.xtec.cat\/iesmarina\/?p=1670"},"modified":"2018-04-03T11:35:53","modified_gmt":"2018-04-03T09:35:53","slug":"fira-de-recerca-en-directe-2014","status":"publish","type":"post","link":"https:\/\/agora.xtec.cat\/iesmarina\/general\/fira-de-recerca-en-directe-2014\/","title":{"rendered":"FIRA\u00a0DE RECERCA EN DIRECTE 2014"},"content":{"rendered":"<h2 class=\"title\"><\/h2>\n<p>El passat dia 8 d\u2019abril els grups de 1r de Batxillerat A i B, van assistir a la \u201c12\u00aa Fira de Recerca en directe\u201d, dins l\u2019Edifici hist\u00f2ric de la Universitat de Barcelona (UB).<\/p>\n<p>L\u2019objectiu d\u2019aquesta fira \u00e9s mostrar diversos projectes que es duen a terme a Centres i Instituts de Recerca de Catalunya, per apropar la ci\u00e8ncia a tots els ciutadans i fomentar vocacions cient\u00edfiques entre els joves. En aquesta edici\u00f3 hi van haver deu grups de recerca participants, i alguns d\u2019ells eren els m\u00e9s visitats pels alumnes ja que despertaven el seu inter\u00e8s.<\/p>\n<p>El grup de recerca del\u00a0<i>Centre de Recerca en Epidemiologia Ambiental<\/i>\u00a0(CREAL) donaven a con\u00e8ixer com avaluen la qualitat de l\u2019aire per despr\u00e9s correlacionar-la amb la salut de les persones. A trav\u00e9s del web del centre demanen voluntaris per obtenir mesures d\u2019alguns par\u00e0metres ambientals de diferents zones de Catalunya, i alguns alumnes es van oferir. Si voleu ser voluntaris podeu consultar el web seg\u00fcent:<\/p>\n<p><a href=\"http:\/\/www.creal.cat\/es_voluntari.html\" target=\"_blank\" rel=\"noopener noreferrer\">http:\/\/www.creal.cat\/es_voluntari.html<\/a><\/p>\n<p>D\u2019altra banda, aquest curs hi haur\u00e0 tres alumnes del 1r de Batxillerat Cient\u00edfic que podran fer el seu treball de recerca amb aquesta entitat (CREAL).<\/p>\n<p><a href=\"http:\/\/www.creal.cat\/es_index.html\" target=\"_blank\" rel=\"noopener noreferrer\">http:\/\/www.creal.cat\/es_index.html<\/a><\/p>\n<p>Si voleu m\u00e9s informaci\u00f3 sobre la fira i els projectes presentats:<\/p>\n<p><a href=\"http:\/\/www.pcb.ub.edu\/homepcb\/live\/ct\/p1826.asp\" target=\"_blank\" rel=\"noopener noreferrer\">http:\/\/www.pcb.ub.edu\/homepcb\/live\/ct\/p1826.asp<\/a><\/p>\n","protected":false},"excerpt":{"rendered":"<p>El passat dia 8 d\u2019abril els grups de 1r de Batxillerat A i B, van assistir a la \u201c12\u00aa Fira de Recerca en directe\u201d, dins l\u2019Edifici hist\u00f2ric de la Universitat de Barcelona (UB).<br \/>\nL\u2019objectiu d\u2019aquesta fira \u00e9s mostrar diversos projectes que es duen a terme a&hellip;  <a href=\"https:\/\/agora.xtec.cat\/iesmarina\/general\/fira-de-recerca-en-directe-2014\/\" title=\"Read FIRA\u00a0DE RECERCA EN DIRECTE 2014\">Llegeix m\u00e9s\u00bb<\/a><\/p>\n","protected":false},"author":1,"featured_media":1671,"comment_status":"closed","ping_status":"closed","sticky":false,"template":"","format":"standard","meta":{"_bbp_topic_count":0,"_bbp_reply_count":0,"_bbp_total_topic_count":0,"_bbp_total_reply_count":0,"_bbp_voice_count":0,"_bbp_anonymous_reply_count":0,"_bbp_topic_count_hidden":0,"_bbp_reply_count_hidden":0,"_bbp_forum_subforum_count":0,"footnotes":""},"categories":[132,1,29],"tags":[104,58],"class_list":["post-1670","post","type-post","status-publish","format-standard","has-post-thumbnail","hentry","category-ciencies_exper","category-general","category-portada","tag-activitats","tag-tallers"],"post_mailing_queue_ids":[],"_links":{"self":[{"href":"https:\/\/agora.xtec.cat\/iesmarina\/wp-json\/wp\/v2\/posts\/1670","targetHints":{"allow":["GET"]}}],"collection":[{"href":"https:\/\/agora.xtec.cat\/iesmarina\/wp-json\/wp\/v2\/posts"}],"about":[{"href":"https:\/\/agora.xtec.cat\/iesmarina\/wp-json\/wp\/v2\/types\/post"}],"author":[{"embeddable":true,"href":"https:\/\/agora.xtec.cat\/iesmarina\/wp-json\/wp\/v2\/users\/1"}],"replies":[{"embeddable":true,"href":"https:\/\/agora.xtec.cat\/iesmarina\/wp-json\/wp\/v2\/comments?post=1670"}],"version-history":[{"count":1,"href":"https:\/\/agora.xtec.cat\/iesmarina\/wp-json\/wp\/v2\/posts\/1670\/revisions"}],"predecessor-version":[{"id":1672,"href":"https:\/\/agora.xtec.cat\/iesmarina\/wp-json\/wp\/v2\/posts\/1670\/revisions\/1672"}],"wp:featuredmedia":[{"embeddable":true,"href":"https:\/\/agora.xtec.cat\/iesmarina\/wp-json\/wp\/v2\/media\/1671"}],"wp:attachment":[{"href":"https:\/\/agora.xtec.cat\/iesmarina\/wp-json\/wp\/v2\/media?parent=1670"}],"wp:term":[{"taxonomy":"category","embeddable":true,"href":"https:\/\/agora.xtec.cat\/iesmarina\/wp-json\/wp\/v2\/categories?post=1670"},{"taxonomy":"post_tag","embeddable":true,"href":"https:\/\/agora.xtec.cat\/iesmarina\/wp-json\/wp\/v2\/tags?post=1670"}],"curies":[{"name":"wp","href":"https:\/\/api.w.org\/{rel}","templated":true}]}}