{"id":161,"date":"2017-02-15T16:00:03","date_gmt":"2017-02-15T15:00:03","guid":{"rendered":"http:\/\/agora.xtec.cat\/iesmarina\/?p=161"},"modified":"2018-04-03T11:28:04","modified_gmt":"2018-04-03T09:28:04","slug":"sortida-a-fabrica-pascual","status":"publish","type":"post","link":"https:\/\/agora.xtec.cat\/iesmarina\/general\/sortida-a-fabrica-pascual\/","title":{"rendered":"Sortida a F\u00e0brica Pascual &#8211; alumnes 1r i 2n batxillerat"},"content":{"rendered":"<p><a href=\"http:\/\/agora.xtec.cat\/iesmarina\/wp-content\/uploads\/usu123\/2014\/09\/sortida_pascual.jpg\"><img loading=\"lazy\" decoding=\"async\" class=\"alignnone size-full wp-image-482\" src=\"http:\/\/agora.xtec.cat\/iesmarina\/wp-content\/uploads\/usu123\/2014\/09\/sortida_pascual.jpg\" alt=\"sortida_pascual\" width=\"640\" height=\"480\" srcset=\"https:\/\/agora.xtec.cat\/iesmarina\/wp-content\/uploads\/usu123\/2014\/09\/sortida_pascual.jpg 640w, https:\/\/agora.xtec.cat\/iesmarina\/wp-content\/uploads\/usu123\/2014\/09\/sortida_pascual-300x225.jpg 300w, https:\/\/agora.xtec.cat\/iesmarina\/wp-content\/uploads\/usu123\/2014\/09\/sortida_pascual-200x150.jpg 200w\" sizes=\"auto, (max-width: 640px) 100vw, 640px\" \/><\/a><\/p>\n<p>El passat 15 de febrer de 2017, els alumnes de 1r i 2n de Batxillerat B de les modalitats Human\u00edstic i Ci\u00e8ncies Socials, vam fer una sortida a la planta envasadora del Grup Calidad Pascual a la localitat de Gurb.<\/p>\n<p>L&#8217;objectiu de la visita va ser que els alumnes tinguessin la possibilitat de veure &#8220;in situ&#8221; el proc\u00e9s productiu d&#8217;una gran empresa, aix\u00ed com les diferents gammes de productes que aquesta empresa ofereix al mercat i quines estrat\u00e8gies comercials segueixen.<\/p>\n<p>Vam ser atesos amb molta dilig\u00e8ncia per Montserrat Parareda, i tots els alumnes van ser obsequiats amb un lot de productes Pascual. A la tornada, vam aprofitar per fer una parada a Vic, visitant el temple rom\u00e0 o la Pla\u00e7a Major.<\/p>\n","protected":false},"excerpt":{"rendered":"<p>El passat 15 de febrer de 2017, els alumnes de 1r i 2n de Batxillerat B de les modalitats Human\u00edstic i Ci\u00e8ncies Socials, vam fer una sortida a la planta envasadora del Grup Calidad Pascual a la localitat de Gurb.&hellip;  <a href=\"https:\/\/agora.xtec.cat\/iesmarina\/general\/sortida-a-fabrica-pascual\/\" title=\"Read Sortida a F\u00e0brica Pascual &#8211; alumnes 1r i 2n batxillerat\">Llegeix m\u00e9s\u00bb<\/a><\/p>\n","protected":false},"author":2,"featured_media":482,"comment_status":"closed","ping_status":"closed","sticky":false,"template":"","format":"standard","meta":{"_bbp_topic_count":0,"_bbp_reply_count":0,"_bbp_total_topic_count":0,"_bbp_total_reply_count":0,"_bbp_voice_count":0,"_bbp_anonymous_reply_count":0,"_bbp_topic_count_hidden":0,"_bbp_reply_count_hidden":0,"_bbp_forum_subforum_count":0,"footnotes":""},"categories":[8,140,1,29],"tags":[104,39],"class_list":["post-161","post","type-post","status-publish","format-standard","has-post-thumbnail","hentry","category-batxillerat","category-ciencies_soc","category-general","category-portada","tag-activitats","tag-sortides"],"post_mailing_queue_ids":[],"_links":{"self":[{"href":"https:\/\/agora.xtec.cat\/iesmarina\/wp-json\/wp\/v2\/posts\/161","targetHints":{"allow":["GET"]}}],"collection":[{"href":"https:\/\/agora.xtec.cat\/iesmarina\/wp-json\/wp\/v2\/posts"}],"about":[{"href":"https:\/\/agora.xtec.cat\/iesmarina\/wp-json\/wp\/v2\/types\/post"}],"author":[{"embeddable":true,"href":"https:\/\/agora.xtec.cat\/iesmarina\/wp-json\/wp\/v2\/users\/2"}],"replies":[{"embeddable":true,"href":"https:\/\/agora.xtec.cat\/iesmarina\/wp-json\/wp\/v2\/comments?post=161"}],"version-history":[{"count":2,"href":"https:\/\/agora.xtec.cat\/iesmarina\/wp-json\/wp\/v2\/posts\/161\/revisions"}],"predecessor-version":[{"id":483,"href":"https:\/\/agora.xtec.cat\/iesmarina\/wp-json\/wp\/v2\/posts\/161\/revisions\/483"}],"wp:featuredmedia":[{"embeddable":true,"href":"https:\/\/agora.xtec.cat\/iesmarina\/wp-json\/wp\/v2\/media\/482"}],"wp:attachment":[{"href":"https:\/\/agora.xtec.cat\/iesmarina\/wp-json\/wp\/v2\/media?parent=161"}],"wp:term":[{"taxonomy":"category","embeddable":true,"href":"https:\/\/agora.xtec.cat\/iesmarina\/wp-json\/wp\/v2\/categories?post=161"},{"taxonomy":"post_tag","embeddable":true,"href":"https:\/\/agora.xtec.cat\/iesmarina\/wp-json\/wp\/v2\/tags?post=161"}],"curies":[{"name":"wp","href":"https:\/\/api.w.org\/{rel}","templated":true}]}}