{"id":1594,"date":"2016-01-09T14:15:13","date_gmt":"2016-01-09T13:15:13","guid":{"rendered":"http:\/\/agora.xtec.cat\/iesmarina\/?p=1594"},"modified":"2018-04-03T11:31:48","modified_gmt":"2018-04-03T09:31:48","slug":"viatge-comenius-a-sicilia","status":"publish","type":"post","link":"https:\/\/agora.xtec.cat\/iesmarina\/general\/viatge-comenius-a-sicilia\/","title":{"rendered":"Viatge Comenius a Sic\u00edlia"},"content":{"rendered":"<p>\u00c0lbum de fotos del viatge a It\u00e0lia, dins del programa europeu Comenius. Sis alumnes de 1 de batxillerat han estat una setmana a Sic\u00edlia, \u00a0de forma totalment gratu\u00efta , gr\u00e0cies a l&#8217;ajut econ\u00f2mic de fons europeus.<\/p>\n<p>L&#8217;experi\u00e8ncia ha estat totalment positiva per a tothom, alumnes i professors. La possibilitat de conviure set dies amb fam\u00edlies italianes ha permet a les alumnes con\u00e8ixer el pa\u00eds des d&#8217;una perspectiva que va molt m\u00e9s enll\u00e0 de la tur\u00edstica, utilitzant l&#8217;angl\u00e8s com a eina de comunicaci\u00f3 di\u00e0ria i aprenent tamb\u00e9 paraules en un altre idioma, l&#8217;itali\u00e0.<\/p>\n<p>Han tingut oportunitat de relacionar-se amb adolescents de cinc nacionalitats diferents, compartint i participant en les activitats esportives que cada grup d&#8217;alumnes havia preparat pr\u00e8viament a les seves escoles, amb la coordinaci\u00f3 dels seus professors o professores.<\/p>\n<p><iframe loading=\"lazy\" title=\"Acrosport amb ball.\" width=\"500\" height=\"281\" src=\"https:\/\/www.youtube.com\/embed\/MqXtTlMontw?start=160&#038;feature=oembed\" frameborder=\"0\" allow=\"accelerometer; autoplay; clipboard-write; encrypted-media; gyroscope; picture-in-picture; web-share\" referrerpolicy=\"strict-origin-when-cross-origin\" allowfullscreen><\/iframe><\/p>\n","protected":false},"excerpt":{"rendered":"<p>\u00c0lbum de fotos del viatge a It\u00e0lia, dins del programa europeu Comenius. Sis alumnes de 1 de batxillerat han estat una setmana a Sic\u00edlia, \u00a0de forma totalment gratu\u00efta , gr\u00e0cies a l&#8217;ajut econ\u00f2mic de fons europeus.<br \/>\nL&#8217;experi\u00e8ncia ha estat totalment positiva per a tothom, alumnes i&hellip;  <a href=\"https:\/\/agora.xtec.cat\/iesmarina\/general\/viatge-comenius-a-sicilia\/\" title=\"Read Viatge Comenius a Sic\u00edlia\">Llegeix m\u00e9s\u00bb<\/a><\/p>\n","protected":false},"author":1,"featured_media":0,"comment_status":"closed","ping_status":"closed","sticky":false,"template":"","format":"standard","meta":{"_bbp_topic_count":0,"_bbp_reply_count":0,"_bbp_total_topic_count":0,"_bbp_total_reply_count":0,"_bbp_voice_count":0,"_bbp_anonymous_reply_count":0,"_bbp_topic_count_hidden":0,"_bbp_reply_count_hidden":0,"_bbp_forum_subforum_count":0,"footnotes":""},"categories":[8,132,138,1,136,29],"tags":[104,39],"class_list":["post-1594","post","type-post","status-publish","format-standard","hentry","category-batxillerat","category-ciencies_exper","category-edu_fis","category-general","category-ll_estrangeres","category-portada","tag-activitats","tag-sortides"],"post_mailing_queue_ids":[],"_links":{"self":[{"href":"https:\/\/agora.xtec.cat\/iesmarina\/wp-json\/wp\/v2\/posts\/1594","targetHints":{"allow":["GET"]}}],"collection":[{"href":"https:\/\/agora.xtec.cat\/iesmarina\/wp-json\/wp\/v2\/posts"}],"about":[{"href":"https:\/\/agora.xtec.cat\/iesmarina\/wp-json\/wp\/v2\/types\/post"}],"author":[{"embeddable":true,"href":"https:\/\/agora.xtec.cat\/iesmarina\/wp-json\/wp\/v2\/users\/1"}],"replies":[{"embeddable":true,"href":"https:\/\/agora.xtec.cat\/iesmarina\/wp-json\/wp\/v2\/comments?post=1594"}],"version-history":[{"count":1,"href":"https:\/\/agora.xtec.cat\/iesmarina\/wp-json\/wp\/v2\/posts\/1594\/revisions"}],"predecessor-version":[{"id":1595,"href":"https:\/\/agora.xtec.cat\/iesmarina\/wp-json\/wp\/v2\/posts\/1594\/revisions\/1595"}],"wp:attachment":[{"href":"https:\/\/agora.xtec.cat\/iesmarina\/wp-json\/wp\/v2\/media?parent=1594"}],"wp:term":[{"taxonomy":"category","embeddable":true,"href":"https:\/\/agora.xtec.cat\/iesmarina\/wp-json\/wp\/v2\/categories?post=1594"},{"taxonomy":"post_tag","embeddable":true,"href":"https:\/\/agora.xtec.cat\/iesmarina\/wp-json\/wp\/v2\/tags?post=1594"}],"curies":[{"name":"wp","href":"https:\/\/api.w.org\/{rel}","templated":true}]}}