{"id":1577,"date":"2015-05-16T13:56:17","date_gmt":"2015-05-16T11:56:17","guid":{"rendered":"http:\/\/agora.xtec.cat\/iesmarina\/?p=1577"},"modified":"2018-04-03T11:33:55","modified_gmt":"2018-04-03T09:33:55","slug":"any-internacional-de-la-llum-2015","status":"publish","type":"post","link":"https:\/\/agora.xtec.cat\/iesmarina\/general\/any-internacional-de-la-llum-2015\/","title":{"rendered":"ANY INTERNACIONAL DE LA LLUM 2015"},"content":{"rendered":"<p>Alumnes de 3r i\u00a0 4t d&#8217;ESO del nostre institut han realitzat aquests v\u00eddeos explicant, en angl\u00e8s, la rellev\u00e0ncia de la celebraci\u00f3 de l&#8217;Any Internacional de la Llum 2015.<\/p>\n<p><iframe loading=\"lazy\" title=\"Any de la llum3t ESO\" width=\"500\" height=\"281\" src=\"https:\/\/www.youtube.com\/embed\/J13Fnn7LkzE?feature=oembed\" frameborder=\"0\" allow=\"accelerometer; autoplay; clipboard-write; encrypted-media; gyroscope; picture-in-picture; web-share\" referrerpolicy=\"strict-origin-when-cross-origin\" allowfullscreen><\/iframe><\/p>\n<p><iframe loading=\"lazy\" title=\"Any de la llum\" width=\"500\" height=\"375\" src=\"https:\/\/www.youtube.com\/embed\/xwVNaSp4VUQ?feature=oembed\" frameborder=\"0\" allow=\"accelerometer; autoplay; clipboard-write; encrypted-media; gyroscope; picture-in-picture; web-share\" referrerpolicy=\"strict-origin-when-cross-origin\" allowfullscreen><\/iframe><\/p>\n","protected":false},"excerpt":{"rendered":"<p>Alumnes de 3r i\u00a0 4t d&#8217;ESO del nostre institut han realitzat aquests v\u00eddeos explicant, en angl\u00e8s, la rellev\u00e0ncia de la celebraci\u00f3 de l&#8217;Any Internacional de la Llum 2015.<\/p>\n","protected":false},"author":1,"featured_media":0,"comment_status":"closed","ping_status":"closed","sticky":false,"template":"","format":"standard","meta":{"_bbp_topic_count":0,"_bbp_reply_count":0,"_bbp_total_topic_count":0,"_bbp_total_reply_count":0,"_bbp_voice_count":0,"_bbp_anonymous_reply_count":0,"_bbp_topic_count_hidden":0,"_bbp_reply_count_hidden":0,"_bbp_forum_subforum_count":0,"footnotes":""},"categories":[132,1,136,29],"tags":[104],"class_list":["post-1577","post","type-post","status-publish","format-standard","hentry","category-ciencies_exper","category-general","category-ll_estrangeres","category-portada","tag-activitats"],"post_mailing_queue_ids":[],"_links":{"self":[{"href":"https:\/\/agora.xtec.cat\/iesmarina\/wp-json\/wp\/v2\/posts\/1577","targetHints":{"allow":["GET"]}}],"collection":[{"href":"https:\/\/agora.xtec.cat\/iesmarina\/wp-json\/wp\/v2\/posts"}],"about":[{"href":"https:\/\/agora.xtec.cat\/iesmarina\/wp-json\/wp\/v2\/types\/post"}],"author":[{"embeddable":true,"href":"https:\/\/agora.xtec.cat\/iesmarina\/wp-json\/wp\/v2\/users\/1"}],"replies":[{"embeddable":true,"href":"https:\/\/agora.xtec.cat\/iesmarina\/wp-json\/wp\/v2\/comments?post=1577"}],"version-history":[{"count":1,"href":"https:\/\/agora.xtec.cat\/iesmarina\/wp-json\/wp\/v2\/posts\/1577\/revisions"}],"predecessor-version":[{"id":1578,"href":"https:\/\/agora.xtec.cat\/iesmarina\/wp-json\/wp\/v2\/posts\/1577\/revisions\/1578"}],"wp:attachment":[{"href":"https:\/\/agora.xtec.cat\/iesmarina\/wp-json\/wp\/v2\/media?parent=1577"}],"wp:term":[{"taxonomy":"category","embeddable":true,"href":"https:\/\/agora.xtec.cat\/iesmarina\/wp-json\/wp\/v2\/categories?post=1577"},{"taxonomy":"post_tag","embeddable":true,"href":"https:\/\/agora.xtec.cat\/iesmarina\/wp-json\/wp\/v2\/tags?post=1577"}],"curies":[{"name":"wp","href":"https:\/\/api.w.org\/{rel}","templated":true}]}}