{"id":1562,"date":"2016-02-16T13:24:50","date_gmt":"2016-02-16T12:24:50","guid":{"rendered":"http:\/\/agora.xtec.cat\/iesmarina\/?p=1562"},"modified":"2018-04-03T11:31:16","modified_gmt":"2018-04-03T09:31:16","slug":"fira-dempreses-simulades","status":"publish","type":"post","link":"https:\/\/agora.xtec.cat\/iesmarina\/general\/fira-dempreses-simulades\/","title":{"rendered":"Fira d&#8217;empreses simulades"},"content":{"rendered":"<p>El dia 16 de febrer els alumnes de 2n curs de Gesti\u00f3 Administrativa van participar a la trobada d&#8217;empreses simulades organitzada per Empresaula a l&#8217;auditori AXA de Barcelona.<\/p>\n<p>Durant la trobada els alumnes van gaudir d&#8217;una sessi\u00f3 de networking (compravenda amb altres empreses), del muntatge del seu propi stand i la presentaci\u00f3 de la seva empresa en angl\u00e8s.<\/p>\n<p><a href=\"https:\/\/drive.google.com\/file\/d\/0B5LyAzvC95nVWWt2MjlKQVhVUGc\/view\">V\u00eddeo: Fira d&#8217;empreses simulades<\/a><\/p>\n<p>&nbsp;<\/p>\n","protected":false},"excerpt":{"rendered":"<p>El dia 16 de febrer els alumnes de 2n curs de Gesti\u00f3 Administrativa van participar a la trobada d&#8217;empreses simulades organitzada per Empresaula a l&#8217;auditori AXA de Barcelona.<br \/>\nDurant la trobada els alumnes van gaudir d&#8217;una sessi\u00f3 de networking (compravenda amb altres empreses), del muntatge del&hellip;  <a href=\"https:\/\/agora.xtec.cat\/iesmarina\/general\/fira-dempreses-simulades\/\" title=\"Read Fira d&#8217;empreses simulades\">Llegeix m\u00e9s\u00bb<\/a><\/p>\n","protected":false},"author":1,"featured_media":0,"comment_status":"closed","ping_status":"closed","sticky":false,"template":"","format":"standard","meta":{"_bbp_topic_count":0,"_bbp_reply_count":0,"_bbp_total_topic_count":0,"_bbp_total_reply_count":0,"_bbp_voice_count":0,"_bbp_anonymous_reply_count":0,"_bbp_topic_count_hidden":0,"_bbp_reply_count_hidden":0,"_bbp_forum_subforum_count":0,"footnotes":""},"categories":[118,144,1,29],"tags":[158,161],"class_list":["post-1562","post","type-post","status-publish","format-standard","hentry","category-fpgs-adm-i-finz","category-admin_comer","category-general","category-portada","tag-concurs","tag-premis"],"post_mailing_queue_ids":[],"_links":{"self":[{"href":"https:\/\/agora.xtec.cat\/iesmarina\/wp-json\/wp\/v2\/posts\/1562","targetHints":{"allow":["GET"]}}],"collection":[{"href":"https:\/\/agora.xtec.cat\/iesmarina\/wp-json\/wp\/v2\/posts"}],"about":[{"href":"https:\/\/agora.xtec.cat\/iesmarina\/wp-json\/wp\/v2\/types\/post"}],"author":[{"embeddable":true,"href":"https:\/\/agora.xtec.cat\/iesmarina\/wp-json\/wp\/v2\/users\/1"}],"replies":[{"embeddable":true,"href":"https:\/\/agora.xtec.cat\/iesmarina\/wp-json\/wp\/v2\/comments?post=1562"}],"version-history":[{"count":3,"href":"https:\/\/agora.xtec.cat\/iesmarina\/wp-json\/wp\/v2\/posts\/1562\/revisions"}],"predecessor-version":[{"id":1588,"href":"https:\/\/agora.xtec.cat\/iesmarina\/wp-json\/wp\/v2\/posts\/1562\/revisions\/1588"}],"wp:attachment":[{"href":"https:\/\/agora.xtec.cat\/iesmarina\/wp-json\/wp\/v2\/media?parent=1562"}],"wp:term":[{"taxonomy":"category","embeddable":true,"href":"https:\/\/agora.xtec.cat\/iesmarina\/wp-json\/wp\/v2\/categories?post=1562"},{"taxonomy":"post_tag","embeddable":true,"href":"https:\/\/agora.xtec.cat\/iesmarina\/wp-json\/wp\/v2\/tags?post=1562"}],"curies":[{"name":"wp","href":"https:\/\/api.w.org\/{rel}","templated":true}]}}