{"id":1525,"date":"2016-02-15T09:46:34","date_gmt":"2016-02-15T08:46:34","guid":{"rendered":"http:\/\/agora.xtec.cat\/iesmarina\/?p=1525"},"modified":"2018-04-03T11:31:29","modified_gmt":"2018-04-03T09:31:29","slug":"concurs-foto-2016","status":"publish","type":"post","link":"https:\/\/agora.xtec.cat\/iesmarina\/general\/concurs-foto-2016\/","title":{"rendered":"CONCURS FOTO 2016"},"content":{"rendered":"<p><strong>Un any m\u00e9s, l&#8217;institut convoca el concurs fotogr\u00e0fic adre\u00e7at a alumnes de tots els cursos, familiars, docents i personal d&#8217;atenci\u00f3 educativa.<\/strong><\/p>\n<p><strong>M\u00e9s informaci\u00f3 en el seg\u00fcent enlla\u00e7:\u00a0<a href=\"https:\/\/drive.google.com\/file\/d\/0B0dj95lyR6lWY1Yxd2ZyTFltTUwzU3R4MncxN01zaV9HRTNN\/view?usp=sharing\" target=\"_blank\" rel=\"noopener noreferrer\">Bases del concurs fotogr\u00e0fic<\/a><\/strong><\/p>\n","protected":false},"excerpt":{"rendered":"<p>Un any m\u00e9s, l&#8217;institut convoca el concurs fotogr\u00e0fic adre\u00e7at a alumnes de tots els cursos, familiars, docents i personal d&#8217;atenci\u00f3 educativa.<br \/>\nM\u00e9s informaci\u00f3 en el seg\u00fcent enlla\u00e7:\u00a0<a href=\"https:\/\/drive.google.com\/file\/d\/0B0dj95lyR6lWY1Yxd2ZyTFltTUwzU3R4MncxN01zaV9HRTNN\/view?usp=sharing\" target=\"_blank\" rel=\"noopener noreferrer\">Bases del concurs fotogr\u00e0fic<\/a><\/p>\n","protected":false},"author":1,"featured_media":1645,"comment_status":"closed","ping_status":"closed","sticky":false,"template":"","format":"standard","meta":{"_bbp_topic_count":0,"_bbp_reply_count":0,"_bbp_total_topic_count":0,"_bbp_total_reply_count":0,"_bbp_voice_count":0,"_bbp_anonymous_reply_count":0,"_bbp_topic_count_hidden":0,"_bbp_reply_count_hidden":0,"_bbp_forum_subforum_count":0,"footnotes":""},"categories":[8,137,3,4,5,6,7,1,29],"tags":[37,158],"class_list":["post-1525","post","type-post","status-publish","format-standard","has-post-thumbnail","hentry","category-batxillerat","category-edu_vis_plas","category-eso","category-eso-1","category-eso-2","category-eso-3","category-eso-4","category-general","category-portada","tag-audiovisuals","tag-concurs"],"post_mailing_queue_ids":[],"_links":{"self":[{"href":"https:\/\/agora.xtec.cat\/iesmarina\/wp-json\/wp\/v2\/posts\/1525","targetHints":{"allow":["GET"]}}],"collection":[{"href":"https:\/\/agora.xtec.cat\/iesmarina\/wp-json\/wp\/v2\/posts"}],"about":[{"href":"https:\/\/agora.xtec.cat\/iesmarina\/wp-json\/wp\/v2\/types\/post"}],"author":[{"embeddable":true,"href":"https:\/\/agora.xtec.cat\/iesmarina\/wp-json\/wp\/v2\/users\/1"}],"replies":[{"embeddable":true,"href":"https:\/\/agora.xtec.cat\/iesmarina\/wp-json\/wp\/v2\/comments?post=1525"}],"version-history":[{"count":1,"href":"https:\/\/agora.xtec.cat\/iesmarina\/wp-json\/wp\/v2\/posts\/1525\/revisions"}],"predecessor-version":[{"id":1526,"href":"https:\/\/agora.xtec.cat\/iesmarina\/wp-json\/wp\/v2\/posts\/1525\/revisions\/1526"}],"wp:featuredmedia":[{"embeddable":true,"href":"https:\/\/agora.xtec.cat\/iesmarina\/wp-json\/wp\/v2\/media\/1645"}],"wp:attachment":[{"href":"https:\/\/agora.xtec.cat\/iesmarina\/wp-json\/wp\/v2\/media?parent=1525"}],"wp:term":[{"taxonomy":"category","embeddable":true,"href":"https:\/\/agora.xtec.cat\/iesmarina\/wp-json\/wp\/v2\/categories?post=1525"},{"taxonomy":"post_tag","embeddable":true,"href":"https:\/\/agora.xtec.cat\/iesmarina\/wp-json\/wp\/v2\/tags?post=1525"}],"curies":[{"name":"wp","href":"https:\/\/api.w.org\/{rel}","templated":true}]}}