{"id":1523,"date":"2016-02-22T09:46:06","date_gmt":"2016-02-22T08:46:06","guid":{"rendered":"http:\/\/agora.xtec.cat\/iesmarina\/?p=1523"},"modified":"2018-04-03T11:31:09","modified_gmt":"2018-04-03T09:31:09","slug":"concurs-literari-sant-jordi-2016","status":"publish","type":"post","link":"https:\/\/agora.xtec.cat\/iesmarina\/general\/concurs-literari-sant-jordi-2016\/","title":{"rendered":"CONCURS LITERARI SANT JORDI 2016"},"content":{"rendered":"<p>En el marc del quart centenari de la mort de l&#8217;escriptor Miguel de Cervantes i del poeta i dramaturg William Shakespeare; del cinquant\u00e8 aniversari de la mort de l&#8217;escriptora Caterina Albert (V\u00edctor Catal\u00e0) i del set\u00e8 centenari de la mort de l&#8217;humanista Ramon Llull, es convoca el Concurs Literari de Sant Jordi.<\/p>\n<p>Consulteu en el seg\u00fcent enlla\u00e7:\u00a0<a href=\"https:\/\/drive.google.com\/file\/d\/0B0dj95lyR6lWb1ROU3p6cFBPUnZPUmdnQTFsbnZkelI2dWpJ\/view?usp=sharing\" target=\"_blank\" rel=\"noopener noreferrer\">Bases concurs literari<\/a><\/p>\n","protected":false},"excerpt":{"rendered":"<p>En el marc del quart centenari de la mort de l&#8217;escriptor Miguel de Cervantes i del poeta i dramaturg William Shakespeare; del cinquant\u00e8 aniversari de la mort de l&#8217;escriptora Caterina Albert (V\u00edctor Catal\u00e0) i del set\u00e8 centenari de la mort de l&#8217;humanista Ramon Llull, es&hellip;  <a href=\"https:\/\/agora.xtec.cat\/iesmarina\/general\/concurs-literari-sant-jordi-2016\/\" title=\"Read CONCURS LITERARI SANT JORDI 2016\">Llegeix m\u00e9s\u00bb<\/a><\/p>\n","protected":false},"author":1,"featured_media":0,"comment_status":"closed","ping_status":"closed","sticky":false,"template":"","format":"standard","meta":{"_bbp_topic_count":0,"_bbp_reply_count":0,"_bbp_total_topic_count":0,"_bbp_total_reply_count":0,"_bbp_voice_count":0,"_bbp_anonymous_reply_count":0,"_bbp_topic_count_hidden":0,"_bbp_reply_count_hidden":0,"_bbp_forum_subforum_count":0,"footnotes":""},"categories":[8,4,5,6,7,1,133,134,136,29],"tags":[158],"class_list":["post-1523","post","type-post","status-publish","format-standard","hentry","category-batxillerat","category-eso-1","category-eso-2","category-eso-3","category-eso-4","category-general","category-ll_castella","category-ll_catala","category-ll_estrangeres","category-portada","tag-concurs"],"post_mailing_queue_ids":[],"_links":{"self":[{"href":"https:\/\/agora.xtec.cat\/iesmarina\/wp-json\/wp\/v2\/posts\/1523","targetHints":{"allow":["GET"]}}],"collection":[{"href":"https:\/\/agora.xtec.cat\/iesmarina\/wp-json\/wp\/v2\/posts"}],"about":[{"href":"https:\/\/agora.xtec.cat\/iesmarina\/wp-json\/wp\/v2\/types\/post"}],"author":[{"embeddable":true,"href":"https:\/\/agora.xtec.cat\/iesmarina\/wp-json\/wp\/v2\/users\/1"}],"replies":[{"embeddable":true,"href":"https:\/\/agora.xtec.cat\/iesmarina\/wp-json\/wp\/v2\/comments?post=1523"}],"version-history":[{"count":1,"href":"https:\/\/agora.xtec.cat\/iesmarina\/wp-json\/wp\/v2\/posts\/1523\/revisions"}],"predecessor-version":[{"id":1524,"href":"https:\/\/agora.xtec.cat\/iesmarina\/wp-json\/wp\/v2\/posts\/1523\/revisions\/1524"}],"wp:attachment":[{"href":"https:\/\/agora.xtec.cat\/iesmarina\/wp-json\/wp\/v2\/media?parent=1523"}],"wp:term":[{"taxonomy":"category","embeddable":true,"href":"https:\/\/agora.xtec.cat\/iesmarina\/wp-json\/wp\/v2\/categories?post=1523"},{"taxonomy":"post_tag","embeddable":true,"href":"https:\/\/agora.xtec.cat\/iesmarina\/wp-json\/wp\/v2\/tags?post=1523"}],"curies":[{"name":"wp","href":"https:\/\/api.w.org\/{rel}","templated":true}]}}