{"id":1516,"date":"2016-04-08T09:30:32","date_gmt":"2016-04-08T07:30:32","guid":{"rendered":"http:\/\/agora.xtec.cat\/iesmarina\/?p=1516"},"modified":"2018-04-03T11:30:40","modified_gmt":"2018-04-03T09:30:40","slug":"sortida-sagrada-familia","status":"publish","type":"post","link":"https:\/\/agora.xtec.cat\/iesmarina\/general\/sortida-sagrada-familia\/","title":{"rendered":"Sortida Sagrada Fam\u00edlia"},"content":{"rendered":"<p>El d\u00eda 6 d&#8217;abril, els alumnes de Religi\u00f3 de 1r, 2n i 3r d&#8217;ESO van fer una sortida cultural a la bas\u00edlica de la Sagrada Familia. Va ser un moment per trobar-nos amb Gaud\u00ed i el modernisme.<\/p>\n<p>Aquesta sortida ha estat possible gr\u00e0cies al Bisbat de Barcelona que, degut al gran inter\u00e8s mostrat pels alumnes, esperem tornar a fer-la el curs vinent.<\/p>\n","protected":false},"excerpt":{"rendered":"<p>El d\u00eda 6 d&#8217;abril, els alumnes de Religi\u00f3 de 1r, 2n i 3r d&#8217;ESO van fer una sortida cultural a la bas\u00edlica de la Sagrada Familia. Va ser un moment per trobar-nos amb Gaud\u00ed i el modernisme.<br \/>\nAquesta sortida ha estat possible gr\u00e0cies al Bisbat de&hellip;  <a href=\"https:\/\/agora.xtec.cat\/iesmarina\/general\/sortida-sagrada-familia\/\" title=\"Read Sortida Sagrada Fam\u00edlia\">Llegeix m\u00e9s\u00bb<\/a><\/p>\n","protected":false},"author":1,"featured_media":1517,"comment_status":"closed","ping_status":"closed","sticky":false,"template":"","format":"standard","meta":{"_bbp_topic_count":0,"_bbp_reply_count":0,"_bbp_total_topic_count":0,"_bbp_total_reply_count":0,"_bbp_voice_count":0,"_bbp_anonymous_reply_count":0,"_bbp_topic_count_hidden":0,"_bbp_reply_count_hidden":0,"_bbp_forum_subforum_count":0,"footnotes":""},"categories":[3,4,5,6,1,29],"tags":[104,39],"class_list":["post-1516","post","type-post","status-publish","format-standard","has-post-thumbnail","hentry","category-eso","category-eso-1","category-eso-2","category-eso-3","category-general","category-portada","tag-activitats","tag-sortides"],"post_mailing_queue_ids":[],"_links":{"self":[{"href":"https:\/\/agora.xtec.cat\/iesmarina\/wp-json\/wp\/v2\/posts\/1516","targetHints":{"allow":["GET"]}}],"collection":[{"href":"https:\/\/agora.xtec.cat\/iesmarina\/wp-json\/wp\/v2\/posts"}],"about":[{"href":"https:\/\/agora.xtec.cat\/iesmarina\/wp-json\/wp\/v2\/types\/post"}],"author":[{"embeddable":true,"href":"https:\/\/agora.xtec.cat\/iesmarina\/wp-json\/wp\/v2\/users\/1"}],"replies":[{"embeddable":true,"href":"https:\/\/agora.xtec.cat\/iesmarina\/wp-json\/wp\/v2\/comments?post=1516"}],"version-history":[{"count":1,"href":"https:\/\/agora.xtec.cat\/iesmarina\/wp-json\/wp\/v2\/posts\/1516\/revisions"}],"predecessor-version":[{"id":1518,"href":"https:\/\/agora.xtec.cat\/iesmarina\/wp-json\/wp\/v2\/posts\/1516\/revisions\/1518"}],"wp:featuredmedia":[{"embeddable":true,"href":"https:\/\/agora.xtec.cat\/iesmarina\/wp-json\/wp\/v2\/media\/1517"}],"wp:attachment":[{"href":"https:\/\/agora.xtec.cat\/iesmarina\/wp-json\/wp\/v2\/media?parent=1516"}],"wp:term":[{"taxonomy":"category","embeddable":true,"href":"https:\/\/agora.xtec.cat\/iesmarina\/wp-json\/wp\/v2\/categories?post=1516"},{"taxonomy":"post_tag","embeddable":true,"href":"https:\/\/agora.xtec.cat\/iesmarina\/wp-json\/wp\/v2\/tags?post=1516"}],"curies":[{"name":"wp","href":"https:\/\/api.w.org\/{rel}","templated":true}]}}