{"id":129,"date":"2017-02-24T10:37:29","date_gmt":"2017-02-24T09:37:29","guid":{"rendered":"http:\/\/agora.xtec.cat\/iesmarina\/?p=129"},"modified":"2018-04-03T11:27:49","modified_gmt":"2018-04-03T09:27:49","slug":"noticia-4","status":"publish","type":"post","link":"https:\/\/agora.xtec.cat\/iesmarina\/general\/noticia-4\/","title":{"rendered":"V\u00eddeos de la mobilitat a Litu\u00e0nia. Erasmus +"},"content":{"rendered":"<p>La setmana del 12 al 19 de febrer tres alumnes de 1r batxillerat i dos professors van anar a la trobada del projecte d&#8217;Erasmus Plus, Stress-Free and Inspirational Learning (SMILE), que va tenir lloc a la capital de Litu\u00e0nia, V\u00edlnius.<\/p>\n<p>All\u00e0 es van fer activitats conjuntes relatives al projecte, aix\u00ed com d&#8217;altres m\u00e9s l\u00fadiques i culturals. Els alumnes es van allotjar a casa de fam\u00edlies del pa\u00eds acollidor.<\/p>\n<p>El tema tractat en aquesta mobilitat ha estat el factors que causen ansietat als alumnes a les classes de Ci\u00e8ncies, Matem\u00e0tiques, Tecnologia o F\u00edsica. Cada pa\u00eds va fer una presentaci\u00f3 explicant els resultats de les enquestes que m\u00e9s de 100 alumnes van contestar, aix\u00ed com de les 60 entrevistes que van realitzar al seus companys.<\/p>\n<p>Aqu\u00ed teniu l&#8217;enlla\u00e7 per veure la <a href=\"https:\/\/www.youtube.com\/watch?v=IiOiaAgL1q8\" target=\"_blank\" rel=\"noopener noreferrer\">presentaci\u00f3<\/a> que van fer les nostres alumnes i tamb\u00e9 un v\u00eddeo de l&#8217;<a href=\"https:\/\/www.youtube.com\/watch?v=oBk8GSV8VYQ\" target=\"_blank\" rel=\"noopener noreferrer\">estada a V\u00edlnius<\/a>.<\/p>\n","protected":false},"excerpt":{"rendered":"<p>La setmana del 12 al 19 de febrer tres alumnes de 1r batxillerat i dos professors van anar a la trobada del projecte d&#8217;Erasmus Plus, Stress-Free and Inspirational Learning (SMILE), que va tenir lloc a la capital de Litu\u00e0nia, V\u00edlnius.&hellip;  <a href=\"https:\/\/agora.xtec.cat\/iesmarina\/general\/noticia-4\/\" title=\"Read V\u00eddeos de la mobilitat a Litu\u00e0nia. Erasmus +\">Llegeix m\u00e9s\u00bb<\/a><\/p>\n","protected":false},"author":2,"featured_media":591,"comment_status":"closed","ping_status":"closed","sticky":false,"template":"","format":"standard","meta":{"_bbp_topic_count":0,"_bbp_reply_count":0,"_bbp_total_topic_count":0,"_bbp_total_reply_count":0,"_bbp_voice_count":0,"_bbp_anonymous_reply_count":0,"_bbp_topic_count_hidden":0,"_bbp_reply_count_hidden":0,"_bbp_forum_subforum_count":0,"footnotes":""},"categories":[8,132,1,136,29],"tags":[37,105,39],"class_list":["post-129","post","type-post","status-publish","format-standard","has-post-thumbnail","hentry","category-batxillerat","category-ciencies_exper","category-general","category-ll_estrangeres","category-portada","tag-audiovisuals","tag-erasmus","tag-sortides"],"post_mailing_queue_ids":[],"_links":{"self":[{"href":"https:\/\/agora.xtec.cat\/iesmarina\/wp-json\/wp\/v2\/posts\/129","targetHints":{"allow":["GET"]}}],"collection":[{"href":"https:\/\/agora.xtec.cat\/iesmarina\/wp-json\/wp\/v2\/posts"}],"about":[{"href":"https:\/\/agora.xtec.cat\/iesmarina\/wp-json\/wp\/v2\/types\/post"}],"author":[{"embeddable":true,"href":"https:\/\/agora.xtec.cat\/iesmarina\/wp-json\/wp\/v2\/users\/2"}],"replies":[{"embeddable":true,"href":"https:\/\/agora.xtec.cat\/iesmarina\/wp-json\/wp\/v2\/comments?post=129"}],"version-history":[{"count":3,"href":"https:\/\/agora.xtec.cat\/iesmarina\/wp-json\/wp\/v2\/posts\/129\/revisions"}],"predecessor-version":[{"id":1539,"href":"https:\/\/agora.xtec.cat\/iesmarina\/wp-json\/wp\/v2\/posts\/129\/revisions\/1539"}],"wp:featuredmedia":[{"embeddable":true,"href":"https:\/\/agora.xtec.cat\/iesmarina\/wp-json\/wp\/v2\/media\/591"}],"wp:attachment":[{"href":"https:\/\/agora.xtec.cat\/iesmarina\/wp-json\/wp\/v2\/media?parent=129"}],"wp:term":[{"taxonomy":"category","embeddable":true,"href":"https:\/\/agora.xtec.cat\/iesmarina\/wp-json\/wp\/v2\/categories?post=129"},{"taxonomy":"post_tag","embeddable":true,"href":"https:\/\/agora.xtec.cat\/iesmarina\/wp-json\/wp\/v2\/tags?post=129"}],"curies":[{"name":"wp","href":"https:\/\/api.w.org\/{rel}","templated":true}]}}