{"id":1081,"date":"2018-01-20T16:33:10","date_gmt":"2018-01-20T15:33:10","guid":{"rendered":"http:\/\/agora.xtec.cat\/iesmarina\/?p=1081"},"modified":"2018-04-03T11:23:33","modified_gmt":"2018-04-03T09:23:33","slug":"seminari-de-creativitat-1r-batx-social","status":"publish","type":"post","link":"https:\/\/agora.xtec.cat\/iesmarina\/general\/seminari-de-creativitat-1r-batx-social\/","title":{"rendered":"Seminari de creativitat &#8211; 1r batx.Social"},"content":{"rendered":"<p>El dia 20 de gener els alumnes de 1rbatx-B han assistit al seminari &#8220;La creativitat en la comunicaci\u00f3 publicit\u00e0ria&#8221; organitzat per ESIC (Business&amp;MarketingSchool) i celebrat a la Fundaci\u00f3 Pere Tarr\u00e9s.<\/p>\n<p>Felicitem els alumnes per la seva participaci\u00f3 i el seu inter\u00e8s!<\/p>\n","protected":false},"excerpt":{"rendered":"<p>El dia 20 de gener els alumnes de 1rbatx-B han assistit al seminari &#8220;La creativitat en la comunicaci\u00f3 publicit\u00e0ria&#8221; organitzat per ESIC (Business&amp;MarketingSchool) i celebrat a la Fundaci\u00f3 Pere Tarr\u00e9s.<br \/>\nFelicitem els alumnes per la seva participaci\u00f3 i el seu inter\u00e8s!<\/p>\n","protected":false},"author":1,"featured_media":1082,"comment_status":"closed","ping_status":"closed","sticky":false,"template":"","format":"standard","meta":{"_bbp_topic_count":0,"_bbp_reply_count":0,"_bbp_total_topic_count":0,"_bbp_total_reply_count":0,"_bbp_voice_count":0,"_bbp_anonymous_reply_count":0,"_bbp_topic_count_hidden":0,"_bbp_reply_count_hidden":0,"_bbp_forum_subforum_count":0,"footnotes":""},"categories":[8,1,29],"tags":[104,39,58],"class_list":["post-1081","post","type-post","status-publish","format-standard","has-post-thumbnail","hentry","category-batxillerat","category-general","category-portada","tag-activitats","tag-sortides","tag-tallers"],"post_mailing_queue_ids":[],"_links":{"self":[{"href":"https:\/\/agora.xtec.cat\/iesmarina\/wp-json\/wp\/v2\/posts\/1081","targetHints":{"allow":["GET"]}}],"collection":[{"href":"https:\/\/agora.xtec.cat\/iesmarina\/wp-json\/wp\/v2\/posts"}],"about":[{"href":"https:\/\/agora.xtec.cat\/iesmarina\/wp-json\/wp\/v2\/types\/post"}],"author":[{"embeddable":true,"href":"https:\/\/agora.xtec.cat\/iesmarina\/wp-json\/wp\/v2\/users\/1"}],"replies":[{"embeddable":true,"href":"https:\/\/agora.xtec.cat\/iesmarina\/wp-json\/wp\/v2\/comments?post=1081"}],"version-history":[{"count":2,"href":"https:\/\/agora.xtec.cat\/iesmarina\/wp-json\/wp\/v2\/posts\/1081\/revisions"}],"predecessor-version":[{"id":1527,"href":"https:\/\/agora.xtec.cat\/iesmarina\/wp-json\/wp\/v2\/posts\/1081\/revisions\/1527"}],"wp:featuredmedia":[{"embeddable":true,"href":"https:\/\/agora.xtec.cat\/iesmarina\/wp-json\/wp\/v2\/media\/1082"}],"wp:attachment":[{"href":"https:\/\/agora.xtec.cat\/iesmarina\/wp-json\/wp\/v2\/media?parent=1081"}],"wp:term":[{"taxonomy":"category","embeddable":true,"href":"https:\/\/agora.xtec.cat\/iesmarina\/wp-json\/wp\/v2\/categories?post=1081"},{"taxonomy":"post_tag","embeddable":true,"href":"https:\/\/agora.xtec.cat\/iesmarina\/wp-json\/wp\/v2\/tags?post=1081"}],"curies":[{"name":"wp","href":"https:\/\/api.w.org\/{rel}","templated":true}]}}