{"id":20366,"date":"2022-04-20T11:56:35","date_gmt":"2022-04-20T09:56:35","guid":{"rendered":"https:\/\/agora.xtec.cat\/iesmariarubies\/?p=20366"},"modified":"2022-05-26T14:18:58","modified_gmt":"2022-05-26T12:18:58","slug":"preinscripcio-batxillerat-2022-23","status":"publish","type":"post","link":"https:\/\/agora.xtec.cat\/iesmariarubies\/batxillerat\/preinscripcio-batxillerat-2022-23\/","title":{"rendered":"Preinscripci\u00f3 BATXILLERAT 2022-23"},"content":{"rendered":"<p><a href=\"https:\/\/agora.xtec.cat\/iesmariarubies\/wp-content\/uploads\/usu171\/2022\/04\/imatge-impacte1900x372-2.jpg\"><img loading=\"lazy\" decoding=\"async\" class=\"alignnone size-large wp-image-20368\" src=\"https:\/\/agora.xtec.cat\/iesmariarubies\/wp-content\/uploads\/usu171\/2022\/04\/imatge-impacte1900x372-2-1024x176.jpg\" alt=\"\" width=\"1024\" height=\"176\" srcset=\"https:\/\/agora.xtec.cat\/iesmariarubies\/wp-content\/uploads\/usu171\/2022\/04\/imatge-impacte1900x372-2-1024x176.jpg 1024w, https:\/\/agora.xtec.cat\/iesmariarubies\/wp-content\/uploads\/usu171\/2022\/04\/imatge-impacte1900x372-2-300x52.jpg 300w, https:\/\/agora.xtec.cat\/iesmariarubies\/wp-content\/uploads\/usu171\/2022\/04\/imatge-impacte1900x372-2-768x132.jpg 768w, https:\/\/agora.xtec.cat\/iesmariarubies\/wp-content\/uploads\/usu171\/2022\/04\/imatge-impacte1900x372-2.jpg 1280w\" sizes=\"auto, (max-width: 1024px) 100vw, 1024px\" \/><\/a><\/p>\n<p>Ja tenim aqu\u00ed la preinscripci\u00f3 dels estudis de Batxillerat 2022-23!<\/p>\n<p>Des d&#8217;avui dia 20 d&#8217;abril i fins el proper dimarts 26 es podr\u00e0 sol\u00b7licitar pla\u00e7a per a cursar 1r o 2n de Batxillerat al nostre centre, durant el proper any escolar 2022-23.<\/p>\n<p>Si voleu estar al dia de totes les novetats de la preinscripci\u00f3 i tamb\u00e9 si teniu dubtes de com realitzar-la, podeu consultar el nostre apartat de \u201cPreinscripci\u00f3\u201d i all\u00e0 podreu trobar la informaci\u00f3 de les dates del proc\u00e9s i tot un seguit de v\u00eddeos i <em>podcasts<\/em> que us ajudaran a emplenar la sol\u00b7licitud i resoldre els dubtes que us puguin anar sorgint.<\/p>\n<p>Tot seguit us deixem l\u2019enlla\u00e7 a aquest apartat: <a href=\"https:\/\/agora.xtec.cat\/iesmariarubies\/secretaria-2\/preinscripcio\/\">Preinscripci\u00f3<\/a><\/p>\n<p>&nbsp;<\/p>\n<p>&nbsp;<\/p>\n<p>&nbsp;<\/p>\n<p>&nbsp;<\/p>\n<p>&nbsp;<\/p>\n","protected":false},"excerpt":{"rendered":"<p>Ja tenim aqu\u00ed la preinscripci\u00f3 dels estudis de Batxillerat 2022-23! Des d&#8217;avui dia 20 d&#8217;abril i fins el proper dimarts 26 es podr\u00e0 sol\u00b7licitar pla\u00e7a per a cursar 1r o 2n de Batxillerat al nostre centre, durant el proper any escolar 2022-23. Si voleu estar al dia de totes les novetats de la preinscripci\u00f3 i [&hellip;]<\/p>\n","protected":false},"author":1,"featured_media":20367,"comment_status":"open","ping_status":"closed","sticky":false,"template":"","format":"standard","meta":{"_bbp_topic_count":0,"_bbp_reply_count":0,"_bbp_total_topic_count":0,"_bbp_total_reply_count":0,"_bbp_voice_count":0,"_bbp_anonymous_reply_count":0,"_bbp_topic_count_hidden":0,"_bbp_reply_count_hidden":0,"_bbp_forum_subforum_count":0,"site-sidebar-layout":"default","site-content-layout":"","ast-site-content-layout":"","site-content-style":"default","site-sidebar-style":"default","ast-global-header-display":"","ast-banner-title-visibility":"","ast-main-header-display":"","ast-hfb-above-header-display":"","ast-hfb-below-header-display":"","ast-hfb-mobile-header-display":"","site-post-title":"","ast-breadcrumbs-content":"","ast-featured-img":"","footer-sml-layout":"","theme-transparent-header-meta":"","adv-header-id-meta":"","stick-header-meta":"","header-above-stick-meta":"","header-main-stick-meta":"","header-below-stick-meta":"","astra-migrate-meta-layouts":"default","ast-page-background-enabled":"default","ast-page-background-meta":{"desktop":{"background-color":"var(--ast-global-color-4)","background-image":"","background-repeat":"repeat","background-position":"center center","background-size":"auto","background-attachment":"scroll","background-type":"","background-media":"","overlay-type":"","overlay-color":"","overlay-opacity":"","overlay-gradient":""},"tablet":{"background-color":"","background-image":"","background-repeat":"repeat","background-position":"center center","background-size":"auto","background-attachment":"scroll","background-type":"","background-media":"","overlay-type":"","overlay-color":"","overlay-opacity":"","overlay-gradient":""},"mobile":{"background-color":"","background-image":"","background-repeat":"repeat","background-position":"center center","background-size":"auto","background-attachment":"scroll","background-type":"","background-media":"","overlay-type":"","overlay-color":"","overlay-opacity":"","overlay-gradient":""}},"ast-content-background-meta":{"desktop":{"background-color":"var(--ast-global-color-5)","background-image":"","background-repeat":"repeat","background-position":"center center","background-size":"auto","background-attachment":"scroll","background-type":"","background-media":"","overlay-type":"","overlay-color":"","overlay-opacity":"","overlay-gradient":""},"tablet":{"background-color":"var(--ast-global-color-5)","background-image":"","background-repeat":"repeat","background-position":"center center","background-size":"auto","background-attachment":"scroll","background-type":"","background-media":"","overlay-type":"","overlay-color":"","overlay-opacity":"","overlay-gradient":""},"mobile":{"background-color":"var(--ast-global-color-5)","background-image":"","background-repeat":"repeat","background-position":"center center","background-size":"auto","background-attachment":"scroll","background-type":"","background-media":"","overlay-type":"","overlay-color":"","overlay-opacity":"","overlay-gradient":""}},"footnotes":""},"categories":[8,29,46],"tags":[],"class_list":["post-20366","post","type-post","status-publish","format-standard","has-post-thumbnail","hentry","category-batxillerat","category-portada","category-secretaria"],"post_mailing_queue_ids":[],"_links":{"self":[{"href":"https:\/\/agora.xtec.cat\/iesmariarubies\/wp-json\/wp\/v2\/posts\/20366","targetHints":{"allow":["GET"]}}],"collection":[{"href":"https:\/\/agora.xtec.cat\/iesmariarubies\/wp-json\/wp\/v2\/posts"}],"about":[{"href":"https:\/\/agora.xtec.cat\/iesmariarubies\/wp-json\/wp\/v2\/types\/post"}],"author":[{"embeddable":true,"href":"https:\/\/agora.xtec.cat\/iesmariarubies\/wp-json\/wp\/v2\/users\/1"}],"replies":[{"embeddable":true,"href":"https:\/\/agora.xtec.cat\/iesmariarubies\/wp-json\/wp\/v2\/comments?post=20366"}],"version-history":[{"count":3,"href":"https:\/\/agora.xtec.cat\/iesmariarubies\/wp-json\/wp\/v2\/posts\/20366\/revisions"}],"predecessor-version":[{"id":20371,"href":"https:\/\/agora.xtec.cat\/iesmariarubies\/wp-json\/wp\/v2\/posts\/20366\/revisions\/20371"}],"wp:featuredmedia":[{"embeddable":true,"href":"https:\/\/agora.xtec.cat\/iesmariarubies\/wp-json\/wp\/v2\/media\/20367"}],"wp:attachment":[{"href":"https:\/\/agora.xtec.cat\/iesmariarubies\/wp-json\/wp\/v2\/media?parent=20366"}],"wp:term":[{"taxonomy":"category","embeddable":true,"href":"https:\/\/agora.xtec.cat\/iesmariarubies\/wp-json\/wp\/v2\/categories?post=20366"},{"taxonomy":"post_tag","embeddable":true,"href":"https:\/\/agora.xtec.cat\/iesmariarubies\/wp-json\/wp\/v2\/tags?post=20366"}],"curies":[{"name":"wp","href":"https:\/\/api.w.org\/{rel}","templated":true}]}}