{"id":18770,"date":"2020-11-13T13:10:39","date_gmt":"2020-11-13T12:10:39","guid":{"rendered":"https:\/\/agora.xtec.cat\/iesmariarubies\/?p=18770"},"modified":"2020-11-13T14:16:58","modified_gmt":"2020-11-13T13:16:58","slug":"participem-a-la-25a-setmana-de-la-ciencia","status":"publish","type":"post","link":"https:\/\/agora.xtec.cat\/iesmariarubies\/eso\/participem-a-la-25a-setmana-de-la-ciencia\/","title":{"rendered":"Participem a la 25a Setmana de la Ci\u00e8ncia"},"content":{"rendered":"<p align=\"JUSTIFY\"><span style=\"font-family: Times New Roman, serif;\"><span style=\"color: #444444;\"><span style=\"font-family: Arial, serif;\"><span lang=\"ca-ES\">Del 14 al 29 de novembre se celebra a Catalunya la 25a Setmana de la Ci\u00e8ncia<\/span><\/span><\/span><span style=\"color: #444444;\"><span style=\"font-family: Arial, serif;\"><span lang=\"ca-ES\">.<\/span><\/span><\/span> <span style=\"color: #444444;\"><span style=\"font-family: Arial, serif;\"><span lang=\"ca-ES\">Aquest any, donada la situaci\u00f3 excepcional viscuda amb motiu de la pand\u00e8mia de la COVID-19, fa que aquesta setmana tingui m\u00e9s sentit que mai, ja que \u00e9s la ci\u00e8ncia la que ens pot treure de l\u2019atzucac en qu\u00e8 ens trobem.<\/span><\/span><\/span><\/span><\/p>\n<p align=\"JUSTIFY\"><span style=\"font-family: Times New Roman, serif;\"><span style=\"color: #444444;\"><span style=\"font-family: Arial, serif;\"><span lang=\"ca-ES\">Aix\u00ed, a m\u00e9s de la COVID-19, l\u2019edici\u00f3 d\u2019aquest any t\u00e9 altres temes centrals com s\u00f3n, <\/span><\/span><\/span><span style=\"color: #333333;\"><span style=\"font-family: Arial, serif;\"><span lang=\"ca-ES\">l\u2019Any Internacional de la Sanitat Vegetal de la UNESCO, i de l\u2019altra, el centenari del naixement de diferents persones que han estat referents als respectius camps de coneixement. S\u00f3n el fil\u00f2leg i ling\u00fcista<\/span><\/span><\/span><span style=\"color: #333333;\"><span style=\"font-family: Arial, serif;\"><span lang=\"ca-ES\">\u00a0<\/span><\/span><\/span><span style=\"color: #333333;\"><span style=\"font-family: Arial, serif;\"><span lang=\"ca-ES\">Antoni Maria Badia i Margarit; el qu\u00edmic<\/span><\/span><\/span><span style=\"color: #333333;\"><span style=\"font-family: Arial, serif;\"><span lang=\"ca-ES\">\u00a0<\/span><\/span><\/span><span style=\"color: #333333;\"><span style=\"font-family: Arial, serif;\"><span lang=\"ca-ES\">Enric Casassas i Sim\u00f3; la qu\u00edmica anglesa,<\/span><\/span><\/span><span style=\"color: #333333;\"><span style=\"font-family: Arial, serif;\"><span lang=\"ca-ES\">\u00a0<\/span><\/span><\/span><span style=\"color: #333333;\"><span style=\"font-family: Arial, serif;\"><span lang=\"ca-ES\">Rosalind Franklin, clau en el descobriment de l\u2019ADN, i l\u2019escriptor i bioqu\u00edmic<\/span><\/span><\/span><span style=\"color: #333333;\"><span style=\"font-family: Arial, serif;\"><span lang=\"ca-ES\">\u00a0<\/span><\/span><\/span><span style=\"color: #333333;\"><span style=\"font-family: Arial, serif;\"><span lang=\"ca-ES\">Isaac Asimov<\/span><\/span><\/span><span style=\"color: #444444;\"><span style=\"font-family: Arial, serif;\"><span lang=\"ca-ES\">.<\/span><\/span><\/span><\/span><\/p>\n<p align=\"JUSTIFY\"><span style=\"font-family: Times New Roman, serif;\"><span style=\"color: #444444;\"><span style=\"font-family: Arial, serif;\"><span lang=\"ca-ES\">La Setmana de la Ci\u00e8ncia \u00e9s una iniciativa coordinada per la Fundaci\u00f3 Catalana per a la Recerca i la Innovaci\u00f3, a la qual ens unim el professorat del Departament de Ci\u00e8ncies preparant tot un seguit de reptes per nivells educatius (i perqu\u00e8 no, tamb\u00e9 per als m\u00e9s grans).<\/span><\/span><\/span><\/span><\/p>\n<p align=\"JUSTIFY\"><a href=\"https:\/\/agora.xtec.cat\/iesmariarubies\/wp-content\/uploads\/usu171\/2020\/11\/Cartell-Reptes-Setmana-Ci%C3%A8ncia.pdf\"><img loading=\"lazy\" decoding=\"async\" class=\"alignleft wp-image-18771\" src=\"https:\/\/agora.xtec.cat\/iesmariarubies\/wp-content\/uploads\/usu171\/2020\/11\/25-setmana-ci\u00e8ncia.jpg\" alt=\"\" width=\"310\" height=\"443\" srcset=\"https:\/\/agora.xtec.cat\/iesmariarubies\/wp-content\/uploads\/usu171\/2020\/11\/25-setmana-ci\u00e8ncia.jpg 419w, https:\/\/agora.xtec.cat\/iesmariarubies\/wp-content\/uploads\/usu171\/2020\/11\/25-setmana-ci\u00e8ncia-210x300.jpg 210w\" sizes=\"auto, (max-width: 310px) 100vw, 310px\" \/><\/a><\/p>\n<p style=\"text-align: center;\" align=\"JUSTIFY\"><a href=\"https:\/\/drive.google.com\/file\/d\/1Q1zrbjzAxIQtZkwH4QEWe9U8Ls0vcNP8\/view\">ACTIVITATS 1r ESO<\/a><\/p>\n<p style=\"text-align: center;\" align=\"JUSTIFY\"><a href=\"https:\/\/drive.google.com\/file\/d\/1ANo92dUVrls-I5vFoBW8YSnh6TlOYu3b\/view\">ACTIVITATS 2n ESO<\/a><\/p>\n<p style=\"text-align: center;\" align=\"JUSTIFY\"><a href=\"https:\/\/drive.google.com\/file\/d\/17yFFdYWINYrUrqYZJa2B_kboSTn7LSSZ\/view\">ACTIVITATS 3r ESO<\/a><\/p>\n<p style=\"text-align: center;\" align=\"JUSTIFY\"><a href=\"https:\/\/drive.google.com\/file\/d\/1QOaiDoHejh8N19yIVwO1h_tWvsbeXWUP\/view\">ACTIVITATS 4t ESO<\/a><\/p>\n<p style=\"text-align: center;\" align=\"JUSTIFY\"><a href=\"https:\/\/drive.google.com\/file\/d\/1m1oFAhpGpLMiWVh_NRB4uAv4RulvoJ0e\/view\">ACTIVITATS BATX<\/a><\/p>\n<p align=\"JUSTIFY\">\n","protected":false},"excerpt":{"rendered":"<p>Del 14 al 29 de novembre se celebra a Catalunya la 25a Setmana de la Ci\u00e8ncia. Aquest any, donada la situaci\u00f3 excepcional viscuda amb motiu de la pand\u00e8mia de la COVID-19, fa que aquesta setmana tingui m\u00e9s sentit que mai, ja que \u00e9s la ci\u00e8ncia la que ens pot treure de l\u2019atzucac en qu\u00e8 ens [&hellip;]<\/p>\n","protected":false},"author":75,"featured_media":18772,"comment_status":"open","ping_status":"closed","sticky":false,"template":"","format":"standard","meta":{"_bbp_topic_count":0,"_bbp_reply_count":0,"_bbp_total_topic_count":0,"_bbp_total_reply_count":0,"_bbp_voice_count":0,"_bbp_anonymous_reply_count":0,"_bbp_topic_count_hidden":0,"_bbp_reply_count_hidden":0,"_bbp_forum_subforum_count":0,"site-sidebar-layout":"default","site-content-layout":"","ast-site-content-layout":"","site-content-style":"default","site-sidebar-style":"default","ast-global-header-display":"","ast-banner-title-visibility":"","ast-main-header-display":"","ast-hfb-above-header-display":"","ast-hfb-below-header-display":"","ast-hfb-mobile-header-display":"","site-post-title":"","ast-breadcrumbs-content":"","ast-featured-img":"","footer-sml-layout":"","theme-transparent-header-meta":"","adv-header-id-meta":"","stick-header-meta":"","header-above-stick-meta":"","header-main-stick-meta":"","header-below-stick-meta":"","astra-migrate-meta-layouts":"default","ast-page-background-enabled":"default","ast-page-background-meta":{"desktop":{"background-color":"var(--ast-global-color-4)","background-image":"","background-repeat":"repeat","background-position":"center center","background-size":"auto","background-attachment":"scroll","background-type":"","background-media":"","overlay-type":"","overlay-color":"","overlay-opacity":"","overlay-gradient":""},"tablet":{"background-color":"","background-image":"","background-repeat":"repeat","background-position":"center center","background-size":"auto","background-attachment":"scroll","background-type":"","background-media":"","overlay-type":"","overlay-color":"","overlay-opacity":"","overlay-gradient":""},"mobile":{"background-color":"","background-image":"","background-repeat":"repeat","background-position":"center center","background-size":"auto","background-attachment":"scroll","background-type":"","background-media":"","overlay-type":"","overlay-color":"","overlay-opacity":"","overlay-gradient":""}},"ast-content-background-meta":{"desktop":{"background-color":"var(--ast-global-color-5)","background-image":"","background-repeat":"repeat","background-position":"center center","background-size":"auto","background-attachment":"scroll","background-type":"","background-media":"","overlay-type":"","overlay-color":"","overlay-opacity":"","overlay-gradient":""},"tablet":{"background-color":"var(--ast-global-color-5)","background-image":"","background-repeat":"repeat","background-position":"center center","background-size":"auto","background-attachment":"scroll","background-type":"","background-media":"","overlay-type":"","overlay-color":"","overlay-opacity":"","overlay-gradient":""},"mobile":{"background-color":"var(--ast-global-color-5)","background-image":"","background-repeat":"repeat","background-position":"center center","background-size":"auto","background-attachment":"scroll","background-type":"","background-media":"","overlay-type":"","overlay-color":"","overlay-opacity":"","overlay-gradient":""}},"footnotes":""},"categories":[8,3,29],"tags":[],"class_list":["post-18770","post","type-post","status-publish","format-standard","has-post-thumbnail","hentry","category-batxillerat","category-eso","category-portada"],"post_mailing_queue_ids":[],"_links":{"self":[{"href":"https:\/\/agora.xtec.cat\/iesmariarubies\/wp-json\/wp\/v2\/posts\/18770","targetHints":{"allow":["GET"]}}],"collection":[{"href":"https:\/\/agora.xtec.cat\/iesmariarubies\/wp-json\/wp\/v2\/posts"}],"about":[{"href":"https:\/\/agora.xtec.cat\/iesmariarubies\/wp-json\/wp\/v2\/types\/post"}],"author":[{"embeddable":true,"href":"https:\/\/agora.xtec.cat\/iesmariarubies\/wp-json\/wp\/v2\/users\/75"}],"replies":[{"embeddable":true,"href":"https:\/\/agora.xtec.cat\/iesmariarubies\/wp-json\/wp\/v2\/comments?post=18770"}],"version-history":[{"count":4,"href":"https:\/\/agora.xtec.cat\/iesmariarubies\/wp-json\/wp\/v2\/posts\/18770\/revisions"}],"predecessor-version":[{"id":18781,"href":"https:\/\/agora.xtec.cat\/iesmariarubies\/wp-json\/wp\/v2\/posts\/18770\/revisions\/18781"}],"wp:featuredmedia":[{"embeddable":true,"href":"https:\/\/agora.xtec.cat\/iesmariarubies\/wp-json\/wp\/v2\/media\/18772"}],"wp:attachment":[{"href":"https:\/\/agora.xtec.cat\/iesmariarubies\/wp-json\/wp\/v2\/media?parent=18770"}],"wp:term":[{"taxonomy":"category","embeddable":true,"href":"https:\/\/agora.xtec.cat\/iesmariarubies\/wp-json\/wp\/v2\/categories?post=18770"},{"taxonomy":"post_tag","embeddable":true,"href":"https:\/\/agora.xtec.cat\/iesmariarubies\/wp-json\/wp\/v2\/tags?post=18770"}],"curies":[{"name":"wp","href":"https:\/\/api.w.org\/{rel}","templated":true}]}}