{"id":11467,"date":"2026-09-01T13:45:04","date_gmt":"2026-09-01T11:45:04","guid":{"rendered":"https:\/\/agora.xtec.cat\/iesmaremar\/?p=11467"},"modified":"2026-09-01T13:45:04","modified_gmt":"2026-09-01T11:45:04","slug":"places-vacants-de-formacio-professional-setembre-2026","status":"publish","type":"post","link":"https:\/\/agora.xtec.cat\/iesmaremar\/general\/places-vacants-de-formacio-professional-setembre-2026\/","title":{"rendered":"Places vacants de formaci\u00f3 professional. Setembre 2026"},"content":{"rendered":"<p><span style=\"font-weight: 400;\">Si est\u00e0s interessat\/ada a accedir a una pla\u00e7a vacant de formaci\u00f3 professional al nostre centre durant el mes de setembre, haur\u00e0s d&#8217;inscriure&#8217;t a la cua virtual de l&#8217;Institut Maremar.<\/span><\/p>\n<h1><b>Quan et pots inscriure?<\/b><\/h1>\n<p><span style=\"font-weight: 400;\">La inscripci\u00f3 a la cua virtual estar\u00e0 disponible el 7 de setembre de 2026, de 9.00 a 23.59 h.<\/span><\/p>\n<p><b>Com m\u00e9s aviat t&#8217;hi inscriguis, abans ser\u00e0 el teu torn. <\/b><span style=\"font-weight: 400;\">Les persones inscrites seran ateses pel centre estrictament segons l&#8217;ordre cronol\u00f2gic d&#8217;inscripci\u00f3 a la cua virtual.<\/span><\/p>\n<p><span style=\"font-weight: 400;\">Per tant, si vols optar a una pla\u00e7a vacant, et recomanem que t&#8217;hi inscriguis tan aviat com s&#8217;obri el per\u00edode d&#8217;inscripci\u00f3.<\/span><\/p>\n<p><b>Important: <\/b><span style=\"font-weight: 400;\">la inscripci\u00f3 a la cua virtual \u00e9s imprescindible per poder optar a una pla\u00e7a vacant.<\/span><\/p>\n<h1><b>Com funciona?<\/b><\/h1>\n<p><span style=\"font-weight: 400;\">La cua virtual \u00e9s \u00fanica per a cada centre i nivell d&#8217;ensenyament:<\/span><\/p>\n<ul>\n<li style=\"font-weight: 400;\" aria-level=\"1\"><span style=\"font-weight: 400;\">Grau mitj\u00e0<\/span><\/li>\n<li style=\"font-weight: 400;\" aria-level=\"1\"><span style=\"font-weight: 400;\">Grau superior<\/span><\/li>\n<\/ul>\n<p><span style=\"font-weight: 400;\">Aix\u00f2 vol dir que no hi ha una cua diferent per a cada cicle formatiu.<\/span><\/p>\n<p><span style=\"font-weight: 400;\">Quan t&#8217;inscriguis, quedar\u00e0s incorporat\/ada a la cua del nostre centre i el sistema et proporcionar\u00e0 un n\u00famero de torn. Aquest n\u00famero determinar\u00e0 l&#8217;ordre en qu\u00e8 el centre atendr\u00e0 les persones inscrites.<\/span><\/p>\n<p><b>En el moment d&#8217;inscriure&#8217;t no has d&#8217;escollir un cicle formatiu concret.<\/b><\/p>\n<p><span style=\"font-weight: 400;\">Quan arribi el teu torn, el centre es posar\u00e0 en contacte amb tu per informar-te de les places vacants disponibles en aquell moment. En funci\u00f3 de les places disponibles, del teu inter\u00e8s i dels requisits d&#8217;acc\u00e9s, podr\u00e0s optar a la pla\u00e7a que correspongui.<\/span><\/p>\n<p><span style=\"font-weight: 400;\">Per exemple, si est\u00e0s inscrit\/ada a la cua de grau mitj\u00e0 i, quan arribi el teu torn, hi ha places vacants en diferents cicles, el centre t&#8217;informar\u00e0 de les opcions disponibles perqu\u00e8 puguis indicar si est\u00e0s interessat\/ada en alguna d&#8217;elles.<\/span><\/p>\n<p><span style=\"font-weight: 400;\">Per aquest motiu, el n\u00famero de torn nom\u00e9s determina l&#8217;ordre d&#8217;atenci\u00f3 i no garanteix l&#8217;obtenci\u00f3 d&#8217;una pla\u00e7a.<\/span><\/p>\n<h1><b>A partir del 8 de setembre<\/b><\/h1>\n<p><span style=\"font-weight: 400;\">Si t\u2019has inscrit a la cua virtual, <\/span><b>estigues atent\/a al tel\u00e8fon i al correu electr\u00f2nic que hagis facilitat en el moment de la inscripci\u00f3<\/b><span style=\"font-weight: 400;\">.<\/span><\/p>\n<p><span style=\"font-weight: 400;\">A partir del <\/span><b>8 de setembre<\/b><span style=\"font-weight: 400;\">, el centre comen\u00e7ar\u00e0 a contactar amb les persones inscrites seguint l\u2019ordre de la cua virtual. Quan arribi el teu torn, t\u2019informarem de les places vacants disponibles en aquell moment i de les opcions a les quals pots accedir.<\/span><\/p>\n<p><span style=\"font-weight: 400;\">Per aquest motiu, \u00e9s important que les dades de contacte facilitades en la inscripci\u00f3 siguin <\/span><b>correctes i estiguin actualitzades<\/b><span style=\"font-weight: 400;\">.<\/span><\/p>\n<p><b>\u00c9s important que estiguis disponible per rebre les comunicacions del centre quan arribi el teu torn. Si el centre no aconsegueix contactar amb tu, la gesti\u00f3 de la cua continuar\u00e0 amb les persones seg\u00fcents. Si contactes posteriorment amb el centre, podr\u00e0s optar a les places que continu\u00efn disponibles en aquell moment\u00a0<\/b><\/p>\n<h1><b>Acc\u00e9s a la cua virtual<\/b><\/h1>\n<p><span style=\"font-weight: 400;\">L&#8217;acc\u00e9s al Gestor de cues virtuals estar\u00e0 disponible en aquesta mateixa p\u00e0gina durant el per\u00edode d&#8217;inscripci\u00f3.<\/span><\/p>\n<p><span style=\"color: #ff0000;\"><b>[Aqu\u00ed trobar\u00e0s l\u2019enlla\u00e7 al gestor de la cua virtual]<\/b><\/span><\/p>\n<h2><b>Quines dades et demanaran?<\/b><\/h2>\n<p><span style=\"font-weight: 400;\">Per inscriure&#8217;t a la cua virtual haur\u00e0s de facilitar:<\/span><\/p>\n<ul>\n<li style=\"font-weight: 400;\" aria-level=\"1\"><span style=\"font-weight: 400;\">Tipus de document d&#8217;identificaci\u00f3.<\/span><\/li>\n<li style=\"font-weight: 400;\" aria-level=\"1\"><span style=\"font-weight: 400;\">N\u00famero del document d&#8217;identificaci\u00f3.<\/span><\/li>\n<li style=\"font-weight: 400;\" aria-level=\"1\"><span style=\"font-weight: 400;\">Nom.<\/span><\/li>\n<li style=\"font-weight: 400;\" aria-level=\"1\"><span style=\"font-weight: 400;\">Primer cognom.<\/span><\/li>\n<li style=\"font-weight: 400;\" aria-level=\"1\"><span style=\"font-weight: 400;\">Segon cognom.<\/span><\/li>\n<li style=\"font-weight: 400;\" aria-level=\"1\"><span style=\"font-weight: 400;\">N\u00famero de tel\u00e8fon.<\/span><\/li>\n<li style=\"font-weight: 400;\" aria-level=\"1\"><span style=\"font-weight: 400;\">Adre\u00e7a de correu electr\u00f2nic.<\/span><\/li>\n<\/ul>\n<p><span style=\"font-weight: 400;\">Un cop completada la inscripci\u00f3, el sistema et proporcionar\u00e0 el teu n\u00famero de torn i t&#8217;enviar\u00e0 la informaci\u00f3 corresponent per correu electr\u00f2nic.<\/span><\/p>\n<h1><b>Tingues en compte<\/b><\/h1>\n<ul>\n<li style=\"font-weight: 400;\" aria-level=\"1\"><span style=\"font-weight: 400;\">La cua virtual \u00e9s \u00fanica per centre i nivell d&#8217;ensenyament, i no per cicle formatiu.<\/span><\/li>\n<li style=\"font-weight: 400;\" aria-level=\"1\"><span style=\"font-weight: 400;\">L&#8217;ordre d&#8217;inscripci\u00f3 determina l&#8217;ordre d&#8217;atenci\u00f3.<\/span><\/li>\n<li style=\"font-weight: 400;\" aria-level=\"1\"><span style=\"font-weight: 400;\">La inscripci\u00f3 a la cua no reserva cap pla\u00e7a ni garanteix l&#8217;obtenci\u00f3 d&#8217;una pla\u00e7a vacant.<\/span><\/li>\n<li style=\"font-weight: 400;\" aria-level=\"1\"><span style=\"font-weight: 400;\">Les places disponibles poden variar al llarg del proc\u00e9s.<\/span><\/li>\n<li style=\"font-weight: 400;\" aria-level=\"1\"><span style=\"font-weight: 400;\">El centre atendr\u00e0 les persones inscrites seguint estrictament l&#8217;ordre establert pel Gestor de cues virtuals.<\/span><\/li>\n<li style=\"font-weight: 400;\" aria-level=\"1\"><span style=\"font-weight: 400;\">Per formalitzar una eventual matr\u00edcula, caldr\u00e0 acreditar el requisit d&#8217;acc\u00e9s corresponent i aportar la documentaci\u00f3 que sol\u00b7liciti el centre.<\/span><\/li>\n<\/ul>\n<h1><b>Calendari<\/b><\/h1>\n<table>\n<tbody>\n<tr>\n<td><span style=\"font-weight: 400;\">Data<\/span><\/td>\n<td><span style=\"font-weight: 400;\">Actuaci\u00f3<\/span><\/td>\n<\/tr>\n<tr>\n<td><span style=\"font-weight: 400;\">Com a m\u00e0xim el 4 de setembre de 2026<\/span><\/td>\n<td><span style=\"font-weight: 400;\">Els centres han de publicar a la seva p\u00e0gina web la informaci\u00f3 i l&#8217;acc\u00e9s a la cua virtual.<\/span><\/td>\n<\/tr>\n<tr>\n<td><span style=\"font-weight: 400;\">7 de setembre de 2026, de 9.00 a 23.59 h<\/span><\/td>\n<td><span style=\"font-weight: 400;\">Inscripci\u00f3 a la cua virtual.<\/span><\/td>\n<\/tr>\n<tr>\n<td><span style=\"font-weight: 400;\">Del 8 al 10 de setembre de 2026<\/span><\/td>\n<td><span style=\"font-weight: 400;\">El centre contactar\u00e0 amb les persones inscrites, seguint l&#8217;ordre de la cua, i gestionar\u00e0 les places vacants disponibles.<\/span><\/td>\n<\/tr>\n<tr>\n<td><span style=\"font-weight: 400;\">11 de setembre de 2026<\/span><\/td>\n<td><span style=\"font-weight: 400;\">Tancament del proc\u00e9s i comunicaci\u00f3 de la relaci\u00f3 definitiva d&#8217;alumnat a les tutories.\u00a0<\/span><\/td>\n<\/tr>\n<\/tbody>\n<\/table>\n<p>&nbsp;<\/p>\n<p><span style=\"font-weight: 400;\">Un cop finalitzat aquest procediment, les possibles vacants que es puguin produir durant el curs es gestionaran d&#8217;acord amb el procediment establert pel Departament d&#8217;Educaci\u00f3 i Formaci\u00f3 Professional.<\/span><\/p>\n<p><span style=\"font-weight: 400;\">Consulta aquesta p\u00e0gina abans del 7 de setembre per disposar de la informaci\u00f3 actualitzada i accedir al Gestor de cues virtuals.\u00a0<\/span><\/p>\n<p><!--a=1--><\/p>\n","protected":false},"excerpt":{"rendered":"<p>Si est\u00e0s interessat\/ada a accedir a una pla\u00e7a vacant de formaci\u00f3 professional al nostre centre durant el mes de setembre, haur\u00e0s d&#8217;inscriure&#8217;t a la cua virtual de l&#8217;Institut Maremar.<br \/>\nQuan et pots inscriure?<br \/>\nLa inscripci\u00f3 a la cua virtual estar\u00e0 disponible el 7 de setembre de 2026,&hellip;  <a href=\"https:\/\/agora.xtec.cat\/iesmaremar\/general\/places-vacants-de-formacio-professional-setembre-2026\/\" title=\"Read Places vacants de formaci\u00f3 professional. Setembre 2026\">Llegeix m\u00e9s\u00bb<\/a><\/p>\n","protected":false},"author":1,"featured_media":0,"comment_status":"open","ping_status":"open","sticky":false,"template":"","format":"standard","meta":{"_bbp_topic_count":0,"_bbp_reply_count":0,"_bbp_total_topic_count":0,"_bbp_total_reply_count":0,"_bbp_voice_count":0,"_bbp_anonymous_reply_count":0,"_bbp_topic_count_hidden":0,"_bbp_reply_count_hidden":0,"_bbp_forum_subforum_count":0,"footnotes":""},"categories":[30,1,29],"tags":[],"class_list":["post-11467","post","type-post","status-publish","format-standard","hentry","category-cicles-formatius","category-general","category-portada"],"post_mailing_queue_ids":[],"_links":{"self":[{"href":"https:\/\/agora.xtec.cat\/iesmaremar\/wp-json\/wp\/v2\/posts\/11467","targetHints":{"allow":["GET"]}}],"collection":[{"href":"https:\/\/agora.xtec.cat\/iesmaremar\/wp-json\/wp\/v2\/posts"}],"about":[{"href":"https:\/\/agora.xtec.cat\/iesmaremar\/wp-json\/wp\/v2\/types\/post"}],"author":[{"embeddable":true,"href":"https:\/\/agora.xtec.cat\/iesmaremar\/wp-json\/wp\/v2\/users\/1"}],"replies":[{"embeddable":true,"href":"https:\/\/agora.xtec.cat\/iesmaremar\/wp-json\/wp\/v2\/comments?post=11467"}],"version-history":[{"count":1,"href":"https:\/\/agora.xtec.cat\/iesmaremar\/wp-json\/wp\/v2\/posts\/11467\/revisions"}],"predecessor-version":[{"id":11468,"href":"https:\/\/agora.xtec.cat\/iesmaremar\/wp-json\/wp\/v2\/posts\/11467\/revisions\/11468"}],"wp:attachment":[{"href":"https:\/\/agora.xtec.cat\/iesmaremar\/wp-json\/wp\/v2\/media?parent=11467"}],"wp:term":[{"taxonomy":"category","embeddable":true,"href":"https:\/\/agora.xtec.cat\/iesmaremar\/wp-json\/wp\/v2\/categories?post=11467"},{"taxonomy":"post_tag","embeddable":true,"href":"https:\/\/agora.xtec.cat\/iesmaremar\/wp-json\/wp\/v2\/tags?post=11467"}],"curies":[{"name":"wp","href":"https:\/\/api.w.org\/{rel}","templated":true}]}}