{"id":3416,"date":"2026-01-26T08:00:00","date_gmt":"2026-01-26T07:00:00","guid":{"rendered":"http:\/\/agora.xtec.cat\/iesmaragall\/?p=3416"},"modified":"2026-07-09T10:35:24","modified_gmt":"2026-07-09T08:35:24","slug":"avis-alumnat-examens-pendents-de-1r-de-batxillerat","status":"publish","type":"post","link":"https:\/\/agora.xtec.cat\/iesmaragall\/general\/avis-alumnat-examens-pendents-de-1r-de-batxillerat\/","title":{"rendered":"AVISOS"},"content":{"rendered":"\n<p><h1 style=\"text-align: center;\"><a href=\"https:\/\/drive.google.com\/drive\/folders\/12q6QyCWWM8wGluzfnLuAHyfdBF4B_enS?usp=sharing\">LLISTAT DE LLIBRES CURS 2026-2027<\/a>\u00a0<\/h1><\/p>\n\n\n\n<p><\/p>\n\n\n\n<p class=\"has-text-align-center has-large-font-size\"><a href=\"https:\/\/drive.google.com\/file\/d\/1OW8h07WSpfi2agkYv275loOo3tQf4I6D\/view?usp=sharing\" data-type=\"link\" data-id=\"https:\/\/drive.google.com\/file\/d\/1OW8h07WSpfi2agkYv275loOo3tQf4I6D\/view?usp=sharing\">MATERIAL RECOMANAT ESO CURS 2026-27<\/a><\/p>\n\n\n\n<p class=\"has-text-align-center has-large-font-size\"><strong><a href=\"https:\/\/agora.xtec.cat\/iesmaragall\/administracio-i-serveis\/secretaria\/matricula-nous-alumnes\/matricula-25-26-nou-alumnat-eso\/\" data-type=\"link\" data-id=\"https:\/\/agora.xtec.cat\/iesmaragall\/administracio-i-serveis\/secretaria\/matricula-nous-alumnes\/matricula-26-27-nou-alumnat-eso\/\">Documentaci\u00f3 matr\u00edcula<\/a><\/strong><\/p>\n\n\n\n<p class=\"has-text-align-center has-text-color has-link-color has-large-font-size wp-elements-0fec5cece53a18263debe5faf6059b81\" style=\"color:#c02b2b\"><strong>HORARI DE SECRETARIA AL JULIOL:<\/strong><\/p>\n\n\n\n<p class=\"has-medium-font-size\">Les sol\u00b7licituds de certificats de llengua catalana (C1) a partir de dimecres 15 de juliol, s\u2019atendran ja al setembre.<\/p>\n\n\n\n<p class=\"has-medium-font-size\">L&#8217;horari d&#8217;atenci\u00f3 \u00e9s de 10 a 13h. <\/p>\n\n\n\n<p class=\"has-text-align-center has-medium-font-size\"><strong>El centre romandr\u00e0 obert fins al dimecres 22 de juliol <\/strong><\/p>\n\n\n\n<p class=\"has-medium-font-size\"><\/p>\n\n\n\n<p class=\"has-large-font-size\"><\/p>\n\n\n\n<h2 class=\"has-text-align-center\" style=\"text-align: center;\">\u00a0<\/h2>\n<p>\u00a0<\/p>\n<p>\u00a0<\/p>\n\n\n\n<figure class=\"wp-block-table\"><table class=\"has-fixed-layout\"><tbody><tr><td><\/td><\/tr><tr><td><h1 class=\"entry-title\">SIMULTANE\u00cfTAT D\u2019ESTUDIS DE M\u00daSICA I DANSA AL POETA MARAGALL<\/h1> <div><span style=\"font-size: revert; font-family: inherit; font-weight: inherit; color: initial;\">El Poeta Maragall, juntament amb l\u2019Institut Fort Pius i Jaume Balmes, \u00e9s un dels centres preferents per a l\u2019alumnat que vol cursar estudis simultanis a l\u2019ESO i en ensenyaments reglats de m\u00fasica i dansa.<\/span><\/div> <div><p>Els centres que ofereixen aquesta prioritat, permeten adaptar els horaris i les assignatures per poder seguir simult\u00e0niament l\u2019ensenyament professional de m\u00fasica o dansa.<\/p><br><p>Tot l&#8217;alumnat en aquesta situaci\u00f3 s\u2019assigna per davant de la resta, fins i tot del que ve de centres adscrits.<\/p><br><p>Les fam\u00edlies que tenen pensat fer estudis simultanis de m\u00fasica o dansa amb l\u2019ESO, han d\u2019al\u00b7legar-ho a la casella habilitada a tal efecte en la seva sol\u00b7licitud, concretament en l\u2019apartat relacionat amb els criteris de Barem, on apareixer\u00e0 la possibilitat de fer l\u2019al\u00b7legaci\u00f3 si s\u2019ha seleccionat en primera opci\u00f3 un dels tres centres amb aquesta condici\u00f3.&nbsp;&nbsp;At\u00e8s el fet que en moltes ocasions les fam\u00edlies no poden acreditar l\u2019acc\u00e9s a aquests estudis en el moment de la preinscripci\u00f3 perqu\u00e8 encara no saben si han estat admesos o no, caldr\u00e0 que junt amb la seva sol\u00b7licitud de preinscripci\u00f3, presentin una declaraci\u00f3 conforme s\u2019han presentat a les proves d\u2019acc\u00e9s d\u2019algun centre d\u2019aquest tipus i adjuntar el document de resguard d\u2019inscripci\u00f3 prova del Conservatori.<\/p><br><p>Per obtenir m\u00e9s informaci\u00f3, cliqueu&nbsp;<a href=\"https:\/\/preinscripcio.gencat.cat\/ca\/estudis\/eso\/informat\/busca-centre\/\">aqu\u00ed<\/a>.<\/p><\/div><\/td><\/tr><tr><td><h1 style=\"text-align: center;\"><\/h1><\/td><\/tr><tr><td><div>&nbsp;<\/div><h1 style=\"text-align: center;\"><\/h1><\/td><\/tr><\/tbody><\/table><\/figure>\n","protected":false},"excerpt":{"rendered":"<p><a href=\"https:\/\/drive.google.com\/drive\/folders\/12q6QyCWWM8wGluzfnLuAHyfdBF4B_enS?usp=sharing\">LLISTAT DE LLIBRES CURS 2026-2027<\/a>\u00a0<\/p>\n<p><a href=\"https:\/\/drive.google.com\/file\/d\/1OW8h07WSpfi2agkYv275loOo3tQf4I6D\/view?usp=sharing\" data-type=\"link\" data-id=\"https:\/\/drive.google.com\/file\/d\/1OW8h07WSpfi2agkYv275loOo3tQf4I6D\/view?usp=sharing\">MATERIAL RECOMANAT ESO CURS 2026-27<\/a><\/p>\n<p><a href=\"https:\/\/agora.xtec.cat\/iesmaragall\/administracio-i-serveis\/secretaria\/matricula-nous-alumnes\/matricula-25-26-nou-alumnat-eso\/\" data-type=\"link\" data-id=\"https:\/\/agora.xtec.cat\/iesmaragall\/administracio-i-serveis\/secretaria\/matricula-nous-alumnes\/matricula-26-27-nou-alumnat-eso\/\">Documentaci\u00f3 matr\u00edcula<\/a><\/p>\n<p>HORARI DE SECRETARIA AL JULIOL:<\/p>\n<p>Les sol\u00b7licituds de certificats de llengua catalana (C1) a partir de dimecres 15 de juliol, s\u2019atendran ja al setembre.<\/p>\n<p>L&#8217;horari d&#8217;atenci\u00f3 \u00e9s de 10 a 13h.&hellip;  <a href=\"https:\/\/agora.xtec.cat\/iesmaragall\/general\/avis-alumnat-examens-pendents-de-1r-de-batxillerat\/\" title=\"Read AVISOS\">Llegeix m\u00e9s\u00bb<\/a><\/p>\n","protected":false},"author":1,"featured_media":0,"comment_status":"open","ping_status":"closed","sticky":true,"template":"","format":"standard","meta":{"_bbp_topic_count":0,"_bbp_reply_count":0,"_bbp_total_topic_count":0,"_bbp_total_reply_count":0,"_bbp_voice_count":0,"_bbp_anonymous_reply_count":0,"_bbp_topic_count_hidden":0,"_bbp_reply_count_hidden":0,"_bbp_forum_subforum_count":0,"footnotes":""},"categories":[131,1,29],"tags":[126,360],"class_list":["post-3416","post","type-post","status-publish","format-standard","hentry","category-avisos","category-general","category-portada","tag-activitats","tag-curs-2023-2024"],"post_mailing_queue_ids":[],"_links":{"self":[{"href":"https:\/\/agora.xtec.cat\/iesmaragall\/wp-json\/wp\/v2\/posts\/3416","targetHints":{"allow":["GET"]}}],"collection":[{"href":"https:\/\/agora.xtec.cat\/iesmaragall\/wp-json\/wp\/v2\/posts"}],"about":[{"href":"https:\/\/agora.xtec.cat\/iesmaragall\/wp-json\/wp\/v2\/types\/post"}],"author":[{"embeddable":true,"href":"https:\/\/agora.xtec.cat\/iesmaragall\/wp-json\/wp\/v2\/users\/1"}],"replies":[{"embeddable":true,"href":"https:\/\/agora.xtec.cat\/iesmaragall\/wp-json\/wp\/v2\/comments?post=3416"}],"version-history":[{"count":6,"href":"https:\/\/agora.xtec.cat\/iesmaragall\/wp-json\/wp\/v2\/posts\/3416\/revisions"}],"predecessor-version":[{"id":11041,"href":"https:\/\/agora.xtec.cat\/iesmaragall\/wp-json\/wp\/v2\/posts\/3416\/revisions\/11041"}],"wp:attachment":[{"href":"https:\/\/agora.xtec.cat\/iesmaragall\/wp-json\/wp\/v2\/media?parent=3416"}],"wp:term":[{"taxonomy":"category","embeddable":true,"href":"https:\/\/agora.xtec.cat\/iesmaragall\/wp-json\/wp\/v2\/categories?post=3416"},{"taxonomy":"post_tag","embeddable":true,"href":"https:\/\/agora.xtec.cat\/iesmaragall\/wp-json\/wp\/v2\/tags?post=3416"}],"curies":[{"name":"wp","href":"https:\/\/api.w.org\/{rel}","templated":true}]}}