{"id":9833,"date":"2019-04-03T08:46:30","date_gmt":"2019-04-03T06:46:30","guid":{"rendered":"http:\/\/agora.xtec.cat\/iesmanolohugue\/?p=9833"},"modified":"2019-04-05T10:18:34","modified_gmt":"2019-04-05T08:18:34","slug":"treballem-la-ra-realitat-augmentada-al-taller-daudiovisuals","status":"publish","type":"post","link":"https:\/\/agora.xtec.cat\/iesmanolohugue\/general\/treballem-la-ra-realitat-augmentada-al-taller-daudiovisuals\/","title":{"rendered":"Treballem la RA (realitat augmentada) al Taller d&#8217;audiovisuals"},"content":{"rendered":"<p>A l&#8217;optativa de 3r ESO &#8220;El taller d&#8217;audiovisuals&#8221; hem comen\u00e7at a treballar la RA. Els alumnes han fet els seus primers treballs amb una primera eina, molt senzilla, per comen\u00e7ar a tenir un primer contacte amb aquesta nova interpretaci\u00f3 de la realitat . Anirem utilitzant eines m\u00e9s complicades per poder assolir els coneixements d&#8217;aquest nou entorn virtual.<\/p>\n<p><a href=\"http:\/\/musicaalmanolo.blogspot.com\/2019\/04\/realitat-augmentada.html\"><img loading=\"lazy\" decoding=\"async\" class=\"alignnone size-full wp-image-9834\" src=\"https:\/\/agora.xtec.cat\/iesmanolohugue\/wp-content\/uploads\/usu9\/2019\/04\/Captura-de-2019-04-03-083838.png\" alt=\"\" width=\"851\" height=\"544\" srcset=\"https:\/\/agora.xtec.cat\/iesmanolohugue\/wp-content\/uploads\/usu9\/2019\/04\/Captura-de-2019-04-03-083838.png 851w, https:\/\/agora.xtec.cat\/iesmanolohugue\/wp-content\/uploads\/usu9\/2019\/04\/Captura-de-2019-04-03-083838-150x96.png 150w, https:\/\/agora.xtec.cat\/iesmanolohugue\/wp-content\/uploads\/usu9\/2019\/04\/Captura-de-2019-04-03-083838-300x192.png 300w, https:\/\/agora.xtec.cat\/iesmanolohugue\/wp-content\/uploads\/usu9\/2019\/04\/Captura-de-2019-04-03-083838-768x491.png 768w\" sizes=\"auto, (max-width: 851px) 100vw, 851px\" \/><\/a><\/p>\n","protected":false},"excerpt":{"rendered":"<p>A l&#8217;optativa de 3r ESO &#8220;El taller d&#8217;audiovisuals&#8221; hem comen\u00e7at a treballar la RA.&hellip;  <a href=\"https:\/\/agora.xtec.cat\/iesmanolohugue\/general\/treballem-la-ra-realitat-augmentada-al-taller-daudiovisuals\/\" title=\"Read Treballem la RA (realitat augmentada) al Taller d&#8217;audiovisuals\">Llegeix m\u00e9s\u00bb<\/a><\/p>\n","protected":false},"author":99,"featured_media":9834,"comment_status":"closed","ping_status":"closed","sticky":false,"template":"","format":"standard","meta":{"_bbp_topic_count":0,"_bbp_reply_count":0,"_bbp_total_topic_count":0,"_bbp_total_reply_count":0,"_bbp_voice_count":0,"_bbp_anonymous_reply_count":0,"_bbp_topic_count_hidden":0,"_bbp_reply_count_hidden":0,"_bbp_forum_subforum_count":0,"footnotes":""},"categories":[8,30,70,3,1,29],"tags":[],"class_list":["post-9833","post","type-post","status-publish","format-standard","has-post-thumbnail","hentry","category-batxillerat","category-cicles-formatius","category-comunitat","category-eso","category-general","category-portada"],"post_mailing_queue_ids":[],"_links":{"self":[{"href":"https:\/\/agora.xtec.cat\/iesmanolohugue\/wp-json\/wp\/v2\/posts\/9833","targetHints":{"allow":["GET"]}}],"collection":[{"href":"https:\/\/agora.xtec.cat\/iesmanolohugue\/wp-json\/wp\/v2\/posts"}],"about":[{"href":"https:\/\/agora.xtec.cat\/iesmanolohugue\/wp-json\/wp\/v2\/types\/post"}],"author":[{"embeddable":true,"href":"https:\/\/agora.xtec.cat\/iesmanolohugue\/wp-json\/wp\/v2\/users\/99"}],"replies":[{"embeddable":true,"href":"https:\/\/agora.xtec.cat\/iesmanolohugue\/wp-json\/wp\/v2\/comments?post=9833"}],"version-history":[{"count":2,"href":"https:\/\/agora.xtec.cat\/iesmanolohugue\/wp-json\/wp\/v2\/posts\/9833\/revisions"}],"predecessor-version":[{"id":9855,"href":"https:\/\/agora.xtec.cat\/iesmanolohugue\/wp-json\/wp\/v2\/posts\/9833\/revisions\/9855"}],"wp:featuredmedia":[{"embeddable":true,"href":"https:\/\/agora.xtec.cat\/iesmanolohugue\/wp-json\/wp\/v2\/media\/9834"}],"wp:attachment":[{"href":"https:\/\/agora.xtec.cat\/iesmanolohugue\/wp-json\/wp\/v2\/media?parent=9833"}],"wp:term":[{"taxonomy":"category","embeddable":true,"href":"https:\/\/agora.xtec.cat\/iesmanolohugue\/wp-json\/wp\/v2\/categories?post=9833"},{"taxonomy":"post_tag","embeddable":true,"href":"https:\/\/agora.xtec.cat\/iesmanolohugue\/wp-json\/wp\/v2\/tags?post=9833"}],"curies":[{"name":"wp","href":"https:\/\/api.w.org\/{rel}","templated":true}]}}