{"id":9562,"date":"2019-02-18T09:38:15","date_gmt":"2019-02-18T08:38:15","guid":{"rendered":"http:\/\/agora.xtec.cat\/iesmanolohugue\/?p=9562"},"modified":"2019-07-04T16:24:54","modified_gmt":"2019-07-04T14:24:54","slug":"coop-manolo-hugue-creacio-duna-cooperativa-dalumnes","status":"publish","type":"post","link":"https:\/\/agora.xtec.cat\/iesmanolohugue\/general\/coop-manolo-hugue-creacio-duna-cooperativa-dalumnes\/","title":{"rendered":"Coop Manolo Hugu\u00e9. Creaci\u00f3 d\u2019una cooperativa d\u2019alumnes"},"content":{"rendered":"<p style=\"text-align: center;\"><span style=\"font-size: 24pt;\"><b>Coop Manolo Hugu\u00e9<\/b><\/span><\/p>\n<p style=\"text-align: center;\"><span style=\"font-size: 24pt;\"><b>Creaci\u00f3 d\u2019una cooperativa d\u2019alumnes<\/b><\/span><\/p>\n<p>Logotip Cooperativa<img loading=\"lazy\" decoding=\"async\" class=\"wp-image-9561 alignright\" src=\"https:\/\/agora.xtec.cat\/iesmanolohugue\/wp-content\/uploads\/usu9\/2019\/02\/Logo-per-llocs-grans.png\" alt=\"\" width=\"208\" height=\"208\" srcset=\"https:\/\/agora.xtec.cat\/iesmanolohugue\/wp-content\/uploads\/usu9\/2019\/02\/Logo-per-llocs-grans.png 500w, https:\/\/agora.xtec.cat\/iesmanolohugue\/wp-content\/uploads\/usu9\/2019\/02\/Logo-per-llocs-grans-150x150.png 150w, https:\/\/agora.xtec.cat\/iesmanolohugue\/wp-content\/uploads\/usu9\/2019\/02\/Logo-per-llocs-grans-300x300.png 300w\" sizes=\"auto, (max-width: 208px) 100vw, 208px\" \/><\/p>\n<p><span style=\"font-weight: 400;\">Els alumnes de segon de Batxillerat C que cursem l\u2019itinerari econ\u00f2mic, arran de l\u2019assignatura optativa de Projecte Empresarial, hem impulsat una cooperativa d\u2019alumnes que t\u00e9 com a objectiu organitzar la graduaci\u00f3 de final de curs. Aix\u00ed doncs, realitzarem diverses activitats per tal d\u2019aconseguir el m\u00e0xim de benefici possible i complir l\u2019objectiu fixat.<\/span><\/p>\n<p><span style=\"font-weight: 400;\">La cooperativa, que porta per nom Coop Manolo Hugu\u00e9, es va iniciar el 18 d\u2019octubre de 2018, amb l\u2019acompanyament de Berta Puig de l\u2019Ateneu Cooperatiu del Vall\u00e8s Oriental. <\/span><\/p>\n<p><span style=\"font-weight: 400;\">La idea \u00e9s que la cooperativa continu\u00ef vigent durant els cursos seg\u00fcents fins que es decideixi, per majoria, tancar-la. <\/span><\/p>\n<p><span style=\"font-weight: 400;\">En primer lloc, la creaci\u00f3 d\u2019una cooperativa ens ajudar\u00e0 a entendre, de manera pr\u00e0ctica, com es fa un Pla d\u2019Empresa, \u00e9s a dir, com s\u2019estructura i per qu\u00e8 serveix, els avantatges i inconvenients del model cooperatiu <em>versus<\/em> la resta de formes jur\u00eddiques.\u00a0 Aprendrem les principals t\u00e8cniques d\u2019estudi de mercat com l\u2019an\u00e0lisi DAFO, estrat\u00e8gies de m\u00e0rqueting com les 4 \u201cP\u201d (Producte, Preu, Promoci\u00f3 i Distribuci\u00f3), entre d\u2019altres.<\/span><\/p>\n<p><span style=\"font-weight: 400;\"><img loading=\"lazy\" decoding=\"async\" class=\"wp-image-9560 alignright\" src=\"https:\/\/agora.xtec.cat\/iesmanolohugue\/wp-content\/uploads\/usu9\/2019\/02\/IMG_7652.jpg\" alt=\"\" width=\"188\" height=\"251\" srcset=\"https:\/\/agora.xtec.cat\/iesmanolohugue\/wp-content\/uploads\/usu9\/2019\/02\/IMG_7652.jpg 480w, https:\/\/agora.xtec.cat\/iesmanolohugue\/wp-content\/uploads\/usu9\/2019\/02\/IMG_7652-113x150.jpg 113w, https:\/\/agora.xtec.cat\/iesmanolohugue\/wp-content\/uploads\/usu9\/2019\/02\/IMG_7652-225x300.jpg 225w\" sizes=\"auto, (max-width: 188px) 100vw, 188px\" \/>Al llarg del curs durem a terme diverses accions per recaptar fons. Per Nadal v\u00e0rem sortejar una panera amb productes de proximitat. <\/span><\/p>\n<p><span style=\"font-weight: 400;\"><span style=\"font-family: inherit; font-size: 1em;\">Tamb\u00e9 tenim prevista la venda de samarretes per commemorar el 30\u00e8 aniversari de l\u2019institut i la venda del llibre 45 anys d&#8217;hist\u00f2ries del &#8220;Manolo&#8221;.<\/span><\/span><\/p>\n<p><img loading=\"lazy\" decoding=\"async\" class=\"wp-image-9559 alignleft\" src=\"https:\/\/agora.xtec.cat\/iesmanolohugue\/wp-content\/uploads\/usu9\/2019\/02\/20190116_141701_0001-576x1024.png\" alt=\"\" width=\"142\" height=\"252\" srcset=\"https:\/\/agora.xtec.cat\/iesmanolohugue\/wp-content\/uploads\/usu9\/2019\/02\/20190116_141701_0001-576x1024.png 576w, https:\/\/agora.xtec.cat\/iesmanolohugue\/wp-content\/uploads\/usu9\/2019\/02\/20190116_141701_0001-84x150.png 84w, https:\/\/agora.xtec.cat\/iesmanolohugue\/wp-content\/uploads\/usu9\/2019\/02\/20190116_141701_0001-169x300.png 169w, https:\/\/agora.xtec.cat\/iesmanolohugue\/wp-content\/uploads\/usu9\/2019\/02\/20190116_141701_0001-768x1365.png 768w, https:\/\/agora.xtec.cat\/iesmanolohugue\/wp-content\/uploads\/usu9\/2019\/02\/20190116_141701_0001.png 1080w\" sizes=\"auto, (max-width: 142px) 100vw, 142px\" \/><\/p>\n<p>&nbsp;<\/p>\n<p><span style=\"font-weight: 400;\"><img loading=\"lazy\" decoding=\"async\" class=\"wp-image-9558 alignnone\" src=\"https:\/\/agora.xtec.cat\/iesmanolohugue\/wp-content\/uploads\/usu9\/2019\/02\/20190116_140636_0001.png\" alt=\"\" width=\"141\" height=\"141\" srcset=\"https:\/\/agora.xtec.cat\/iesmanolohugue\/wp-content\/uploads\/usu9\/2019\/02\/20190116_140636_0001.png 500w, https:\/\/agora.xtec.cat\/iesmanolohugue\/wp-content\/uploads\/usu9\/2019\/02\/20190116_140636_0001-150x150.png 150w, https:\/\/agora.xtec.cat\/iesmanolohugue\/wp-content\/uploads\/usu9\/2019\/02\/20190116_140636_0001-300x300.png 300w\" sizes=\"auto, (max-width: 141px) 100vw, 141px\" \/><img loading=\"lazy\" decoding=\"async\" class=\"alignright\" src=\"https:\/\/agora.xtec.cat\/iesmanolohugue\/wp-content\/uploads\/usu9\/2019\/04\/manolo-llibre.png\" alt=\"\" width=\"265\" height=\"134\" \/><\/span><\/p>\n<p>&nbsp;<\/p>\n<p>&nbsp;<\/p>\n<p><span style=\"font-weight: 400;\">Hem dissenyat una samarreta per l\u2019ocasi\u00f3 i per saber el nombre aproximat de peces que vendrem, hem passat un formulari a trav\u00e9s del qual es pot fer la comanda (link). <strong>Clica i fes la teva comanda!<\/strong><\/span><\/p>\n<p><a href=\"https:\/\/docs.google.com\/forms\/d\/e\/1FAIpQLSdrDs-TkC51ZoxJb9TMRFMowkbPMPAn0O3YMDoVNKS4Jn2Ilg\/viewform?usp=sf_link\"><span style=\"font-weight: 400;\">Fes la teva comanda de samarretes 30\u00e8 aniversari Ins Manolo Hugu\u00e9<\/span><\/a><\/p>\n<p><span style=\"font-weight: 400;\">Un projecte llarg i complex per\u00f2 que ens aportar\u00e0 molts coneixements!<\/span><\/p>\n<p><span style=\"font-size: 10pt;\">Queralt Vi\u00f1als (S\u00f2cia de la cooperativa)<\/span><\/p>\n","protected":false},"excerpt":{"rendered":"<p>Coop Manolo Hugu\u00e9<br \/>\nCreaci\u00f3 d\u2019una cooperativa d\u2019alumnes<br \/>\nLogotip Cooperativa<br \/>\nEls alumnes de segon de Batxillerat C que cursem l\u2019itinerari econ\u00f2mic, arran de l\u2019assignatura optativa de Projecte Empresarial, hem impulsat una cooperativa d\u2019alumnes que t\u00e9 com a objectiu organitzar la graduaci\u00f3 de final de curs. Aix\u00ed doncs, realitzarem diverses&hellip;  <a href=\"https:\/\/agora.xtec.cat\/iesmanolohugue\/general\/coop-manolo-hugue-creacio-duna-cooperativa-dalumnes\/\" title=\"Read Coop Manolo Hugu\u00e9. Creaci\u00f3 d\u2019una cooperativa d\u2019alumnes\">Llegeix m\u00e9s\u00bb<\/a><\/p>\n","protected":false},"author":135,"featured_media":9561,"comment_status":"closed","ping_status":"closed","sticky":false,"template":"","format":"standard","meta":{"_bbp_topic_count":0,"_bbp_reply_count":0,"_bbp_total_topic_count":0,"_bbp_total_reply_count":0,"_bbp_voice_count":0,"_bbp_anonymous_reply_count":0,"_bbp_topic_count_hidden":0,"_bbp_reply_count_hidden":0,"_bbp_forum_subforum_count":0,"footnotes":""},"categories":[8,76,164,1,29],"tags":[165],"class_list":["post-9562","post","type-post","status-publish","format-standard","has-post-thumbnail","hentry","category-batxillerat","category-comiats-2n-batxillerat","category-cooperativa","category-general","category-portada","tag-cooperativa-alumnes"],"post_mailing_queue_ids":[],"_links":{"self":[{"href":"https:\/\/agora.xtec.cat\/iesmanolohugue\/wp-json\/wp\/v2\/posts\/9562","targetHints":{"allow":["GET"]}}],"collection":[{"href":"https:\/\/agora.xtec.cat\/iesmanolohugue\/wp-json\/wp\/v2\/posts"}],"about":[{"href":"https:\/\/agora.xtec.cat\/iesmanolohugue\/wp-json\/wp\/v2\/types\/post"}],"author":[{"embeddable":true,"href":"https:\/\/agora.xtec.cat\/iesmanolohugue\/wp-json\/wp\/v2\/users\/135"}],"replies":[{"embeddable":true,"href":"https:\/\/agora.xtec.cat\/iesmanolohugue\/wp-json\/wp\/v2\/comments?post=9562"}],"version-history":[{"count":3,"href":"https:\/\/agora.xtec.cat\/iesmanolohugue\/wp-json\/wp\/v2\/posts\/9562\/revisions"}],"predecessor-version":[{"id":10381,"href":"https:\/\/agora.xtec.cat\/iesmanolohugue\/wp-json\/wp\/v2\/posts\/9562\/revisions\/10381"}],"wp:featuredmedia":[{"embeddable":true,"href":"https:\/\/agora.xtec.cat\/iesmanolohugue\/wp-json\/wp\/v2\/media\/9561"}],"wp:attachment":[{"href":"https:\/\/agora.xtec.cat\/iesmanolohugue\/wp-json\/wp\/v2\/media?parent=9562"}],"wp:term":[{"taxonomy":"category","embeddable":true,"href":"https:\/\/agora.xtec.cat\/iesmanolohugue\/wp-json\/wp\/v2\/categories?post=9562"},{"taxonomy":"post_tag","embeddable":true,"href":"https:\/\/agora.xtec.cat\/iesmanolohugue\/wp-json\/wp\/v2\/tags?post=9562"}],"curies":[{"name":"wp","href":"https:\/\/api.w.org\/{rel}","templated":true}]}}