{"id":9552,"date":"2019-02-16T13:24:42","date_gmt":"2019-02-16T12:24:42","guid":{"rendered":"http:\/\/agora.xtec.cat\/iesmanolohugue\/?p=9552"},"modified":"2019-02-16T13:24:42","modified_gmt":"2019-02-16T12:24:42","slug":"intercanvi-naas-irlanda-amb-caldes-de-montbui","status":"publish","type":"post","link":"https:\/\/agora.xtec.cat\/iesmanolohugue\/batxillerat\/intercanvi-naas-irlanda-amb-caldes-de-montbui\/","title":{"rendered":"INTERCANVI NAAS (IRLANDA) AMB CALDES DE MONTBUI"},"content":{"rendered":"<p>Aquest curs el nostre centre ha comen\u00e7at un intercanvi amb un col.legi irland\u00e9s, Peppers Hill College, per alumnes de 1r de batxillerat. Tot just s&#8217;ha acomplert la meitat de l&#8217;intercanvi, la setmana passada 22 alumnes irlandesos van estar a Caldes; i encara queda la segona part, quan els nostres alumnes visitaran Naas els proper mes d&#8217;abril\/maig.<\/p>\n<p><img loading=\"lazy\" decoding=\"async\" class=\"size-full wp-image-9554 alignleft\" src=\"https:\/\/agora.xtec.cat\/iesmanolohugue\/wp-content\/uploads\/usu9\/2019\/02\/intercanvi-irlandacaldes.jpg\" alt=\"\" width=\"681\" height=\"511\" srcset=\"https:\/\/agora.xtec.cat\/iesmanolohugue\/wp-content\/uploads\/usu9\/2019\/02\/intercanvi-irlandacaldes.jpg 681w, https:\/\/agora.xtec.cat\/iesmanolohugue\/wp-content\/uploads\/usu9\/2019\/02\/intercanvi-irlandacaldes-150x113.jpg 150w, https:\/\/agora.xtec.cat\/iesmanolohugue\/wp-content\/uploads\/usu9\/2019\/02\/intercanvi-irlandacaldes-300x225.jpg 300w, https:\/\/agora.xtec.cat\/iesmanolohugue\/wp-content\/uploads\/usu9\/2019\/02\/intercanvi-irlandacaldes-200x150.jpg 200w\" sizes=\"auto, (max-width: 681px) 100vw, 681px\" \/> <a href=\"https:\/\/agora.xtec.cat\/iesmanolohugue\/wp-content\/uploads\/usu9\/2019\/02\/cr\u00f2nica-Intercanvi-Naas-Caldes.pdf\">En aquest enlla\u00e7<\/a>\u00a0trobareu una cr\u00f2nica complerta amb fotograf\u00edes\u00a0 de les diferents activitats que s&#8217;han dut a terme durant la setmana del 1 al 8 de febrer.<\/p>\n<p>La Consejer\u00eda de Educaci\u00f3n de l&#8217;ambaixada espanyola a Irlanda, ens ha fet arribar el seu agra\u00efment per l&#8217;\u00e8xit d&#8217;aquest intercanvi:<\/p>\n<div class=\"gs\">\n<div class=\"\">\n<div id=\":1x0\" class=\"ii gt\">\n<div id=\":1wz\" class=\"a3s aXjCH \">\n<div dir=\"ltr\">\n<div>\n<div>\n<div>\n<div>\n<div>\n<div>\n<div>\n<div>\n<div>\n<div>\n<div>\n<div>\n<div>\n<div>\n<div dir=\"ltr\">\n<div dir=\"ltr\"><span style=\"color: #222222; font-size: small;\"><i>Des de la Consejer\u00eda volem agrair-vos que ens h\u00e0giu deixat quedar tan b\u00e9! Pels contactes que em tingut jo sabia que la cosa sortiria b\u00e9, per\u00f2 sempre \u00e9s un plaer veure que la gent respon a les propostes amb entusiasme i professionalitat. Si us plau, feu arribar el nostre agra\u00efment i felicitacions a tot el Manolo Hugu\u00e9 (professors, pares, alumnes i PAS) i especialment a vosaltres perqu\u00e8 aquestes coses necessiten el granet de sorra de tothom.<\/i><\/span><\/div>\n<div dir=\"ltr\"><span style=\"font-size: small;\"><i>\u00a0<\/i><\/span><\/div>\n<div dir=\"ltr\"><span style=\"font-size: small;\"><i>Salutacions i bon cap de setmana,<\/i><\/span><\/div>\n<div dir=\"ltr\"><span style=\"font-size: small;\"><i>\u00a0<\/i><\/span><\/div>\n<div dir=\"ltr\"><span style=\"font-size: small;\"><i>Adolfo<\/i><\/span><\/div>\n<div dir=\"ltr\"><i>\u00a0<\/i><\/div>\n<div dir=\"ltr\"><i>Adolfo Carb\u00f3n<\/i><\/div>\n<\/div>\n<div dir=\"ltr\">\n<div><i>Asesor T\u00e9cnico Docente<\/i><\/div>\n<div><i>Consejer\u00eda de Educaci\u00f3n<\/i><\/div>\n<div><i>Embajada de Espa\u00f1a en Irlanda<\/i><\/div>\n<div><i>Twitter: <span class=\"atwho-query\">@Asesoria_Dublin<\/span><\/i><\/div>\n<div><a href=\"http:\/\/www.mecd.gob.es\/irlanda\/\" target=\"_blank\" rel=\"noopener\" data-saferedirecturl=\"https:\/\/www.google.com\/url?q=http:\/\/www.mecd.gob.es\/irlanda\/&amp;source=gmail&amp;ust=1550404125088000&amp;usg=AFQjCNGICM22Z6Q8_WejXpprnXT38fVw_g\"><i>http:\/\/www.mecd.gob.es\/<wbr \/>irlanda\/<\/i><\/a><\/div>\n<div><\/div>\n<div><\/div>\n<div><\/div>\n<\/div>\n<\/div>\n<\/div>\n<\/div>\n<\/div>\n<\/div>\n<\/div>\n<\/div>\n<\/div>\n<\/div>\n<\/div>\n<\/div>\n<\/div>\n<\/div>\n<\/div>\n<div>\n<div class=\"m_-4711826286031804611gmail_signature\" dir=\"ltr\" data-smartmail=\"gmail_signature\">\n<div dir=\"ltr\">\n<div><\/div>\n<\/div>\n<\/div>\n<\/div>\n<\/div>\n<\/div>\n<div class=\"yj6qo\"><\/div>\n<div class=\"yj6qo\"><\/div>\n<div class=\"yj6qo\"><\/div>\n<\/div>\n<div class=\"hi\"><\/div>\n<\/div>\n<\/div>\n<p>&nbsp;<\/p>\n","protected":false},"excerpt":{"rendered":"<p>Aquest curs el nostre centre ha comen\u00e7at un intercanvi amb un col.legi irland\u00e9s, Peppers Hill College, per alumnes de 1r de batxillerat. Tot just s&#8217;ha acomplert la meitat de l&#8217;intercanvi, la setmana passada 22 alumnes irlandesos van estar a Caldes; i encara queda la segona&hellip;  <a href=\"https:\/\/agora.xtec.cat\/iesmanolohugue\/batxillerat\/intercanvi-naas-irlanda-amb-caldes-de-montbui\/\" title=\"Read INTERCANVI NAAS (IRLANDA) AMB CALDES DE MONTBUI\">Llegeix m\u00e9s\u00bb<\/a><\/p>\n","protected":false},"author":1,"featured_media":9554,"comment_status":"closed","ping_status":"closed","sticky":false,"template":"","format":"standard","meta":{"_bbp_topic_count":0,"_bbp_reply_count":0,"_bbp_total_topic_count":0,"_bbp_total_reply_count":0,"_bbp_voice_count":0,"_bbp_anonymous_reply_count":0,"_bbp_topic_count_hidden":0,"_bbp_reply_count_hidden":0,"_bbp_forum_subforum_count":0,"footnotes":""},"categories":[71,8,70,77,29,154],"tags":[],"class_list":["post-9552","post","type-post","status-publish","format-standard","has-post-thumbnail","hentry","category-ajuntament","category-batxillerat","category-comunitat","category-intercanvis-idiomes","category-portada","category-viatges"],"post_mailing_queue_ids":[],"_links":{"self":[{"href":"https:\/\/agora.xtec.cat\/iesmanolohugue\/wp-json\/wp\/v2\/posts\/9552","targetHints":{"allow":["GET"]}}],"collection":[{"href":"https:\/\/agora.xtec.cat\/iesmanolohugue\/wp-json\/wp\/v2\/posts"}],"about":[{"href":"https:\/\/agora.xtec.cat\/iesmanolohugue\/wp-json\/wp\/v2\/types\/post"}],"author":[{"embeddable":true,"href":"https:\/\/agora.xtec.cat\/iesmanolohugue\/wp-json\/wp\/v2\/users\/1"}],"replies":[{"embeddable":true,"href":"https:\/\/agora.xtec.cat\/iesmanolohugue\/wp-json\/wp\/v2\/comments?post=9552"}],"version-history":[{"count":1,"href":"https:\/\/agora.xtec.cat\/iesmanolohugue\/wp-json\/wp\/v2\/posts\/9552\/revisions"}],"predecessor-version":[{"id":9556,"href":"https:\/\/agora.xtec.cat\/iesmanolohugue\/wp-json\/wp\/v2\/posts\/9552\/revisions\/9556"}],"wp:featuredmedia":[{"embeddable":true,"href":"https:\/\/agora.xtec.cat\/iesmanolohugue\/wp-json\/wp\/v2\/media\/9554"}],"wp:attachment":[{"href":"https:\/\/agora.xtec.cat\/iesmanolohugue\/wp-json\/wp\/v2\/media?parent=9552"}],"wp:term":[{"taxonomy":"category","embeddable":true,"href":"https:\/\/agora.xtec.cat\/iesmanolohugue\/wp-json\/wp\/v2\/categories?post=9552"},{"taxonomy":"post_tag","embeddable":true,"href":"https:\/\/agora.xtec.cat\/iesmanolohugue\/wp-json\/wp\/v2\/tags?post=9552"}],"curies":[{"name":"wp","href":"https:\/\/api.w.org\/{rel}","templated":true}]}}