{"id":9458,"date":"2019-01-31T12:41:23","date_gmt":"2019-01-31T11:41:23","guid":{"rendered":"http:\/\/agora.xtec.cat\/iesmanolohugue\/?p=9458"},"modified":"2019-01-31T12:42:12","modified_gmt":"2019-01-31T11:42:12","slug":"a-linstitut-recollirem-loli-de-cuina-usat","status":"publish","type":"post","link":"https:\/\/agora.xtec.cat\/iesmanolohugue\/eso\/a-linstitut-recollirem-loli-de-cuina-usat\/","title":{"rendered":"A l&#8217;institut recollirem l&#8217;oli de cuina usat"},"content":{"rendered":"<p>En les properes setmanes l\u2019entitat APINDEP RON\u00c7ANA far\u00e0 xerrades informatives a tots els alumnes de l\u2019institut, per explicar el seu projecte de reciclatge de l\u2019oli usat.<br \/>\nAquesta entitat, ubicada a Santa Eul\u00e0lia de Ron\u00e7ana, \u00e9s una cooperativa d\u2019iniciativa social que gestiona serveis integrals i suports per a la qualitat de vida de les persones amb discapacitat, les seves fam\u00edlies i altres col\u00b7lectius amb risc d\u2019exclusi\u00f3 social.<\/p>\n<p><a href=\"https:\/\/agora.xtec.cat\/iesmanolohugue\/wp-content\/uploads\/usu9\/2019\/01\/Carta-a-families-projecte-clakis.pdf\">Carta a les fam\u00edles<\/a><\/p>\n<p><a href=\"https:\/\/agora.xtec.cat\/iesmanolohugue\/wp-content\/uploads\/usu9\/2019\/01\/APINDEP_diptic_v3-2.pdf\">APINDEP_diptic<\/a><\/p>\n<p>&nbsp;<\/p>\n","protected":false},"excerpt":{"rendered":"<p>En les properes setmanes&#8230;&hellip;  <a href=\"https:\/\/agora.xtec.cat\/iesmanolohugue\/eso\/a-linstitut-recollirem-loli-de-cuina-usat\/\" title=\"Read A l&#8217;institut recollirem l&#8217;oli de cuina usat\">Llegeix m\u00e9s\u00bb<\/a><\/p>\n","protected":false},"author":1,"featured_media":9462,"comment_status":"closed","ping_status":"closed","sticky":false,"template":"","format":"standard","meta":{"_bbp_topic_count":0,"_bbp_reply_count":0,"_bbp_total_topic_count":0,"_bbp_total_reply_count":0,"_bbp_voice_count":0,"_bbp_anonymous_reply_count":0,"_bbp_topic_count_hidden":0,"_bbp_reply_count_hidden":0,"_bbp_forum_subforum_count":0,"footnotes":""},"categories":[8,30,162,3,29],"tags":[],"class_list":["post-9458","post","type-post","status-publish","format-standard","has-post-thumbnail","hentry","category-batxillerat","category-cicles-formatius","category-escola-verda","category-eso","category-portada"],"post_mailing_queue_ids":[],"_links":{"self":[{"href":"https:\/\/agora.xtec.cat\/iesmanolohugue\/wp-json\/wp\/v2\/posts\/9458","targetHints":{"allow":["GET"]}}],"collection":[{"href":"https:\/\/agora.xtec.cat\/iesmanolohugue\/wp-json\/wp\/v2\/posts"}],"about":[{"href":"https:\/\/agora.xtec.cat\/iesmanolohugue\/wp-json\/wp\/v2\/types\/post"}],"author":[{"embeddable":true,"href":"https:\/\/agora.xtec.cat\/iesmanolohugue\/wp-json\/wp\/v2\/users\/1"}],"replies":[{"embeddable":true,"href":"https:\/\/agora.xtec.cat\/iesmanolohugue\/wp-json\/wp\/v2\/comments?post=9458"}],"version-history":[{"count":2,"href":"https:\/\/agora.xtec.cat\/iesmanolohugue\/wp-json\/wp\/v2\/posts\/9458\/revisions"}],"predecessor-version":[{"id":9464,"href":"https:\/\/agora.xtec.cat\/iesmanolohugue\/wp-json\/wp\/v2\/posts\/9458\/revisions\/9464"}],"wp:featuredmedia":[{"embeddable":true,"href":"https:\/\/agora.xtec.cat\/iesmanolohugue\/wp-json\/wp\/v2\/media\/9462"}],"wp:attachment":[{"href":"https:\/\/agora.xtec.cat\/iesmanolohugue\/wp-json\/wp\/v2\/media?parent=9458"}],"wp:term":[{"taxonomy":"category","embeddable":true,"href":"https:\/\/agora.xtec.cat\/iesmanolohugue\/wp-json\/wp\/v2\/categories?post=9458"},{"taxonomy":"post_tag","embeddable":true,"href":"https:\/\/agora.xtec.cat\/iesmanolohugue\/wp-json\/wp\/v2\/tags?post=9458"}],"curies":[{"name":"wp","href":"https:\/\/api.w.org\/{rel}","templated":true}]}}