{"id":9060,"date":"2018-09-15T18:22:35","date_gmt":"2018-09-15T16:22:35","guid":{"rendered":"http:\/\/agora.xtec.cat\/iesmanolohugue\/?p=9060"},"modified":"2018-09-15T18:30:32","modified_gmt":"2018-09-15T16:30:32","slug":"premi-extraordinari-de-batxillerat","status":"publish","type":"post","link":"https:\/\/agora.xtec.cat\/iesmanolohugue\/general\/premi-extraordinari-de-batxillerat\/","title":{"rendered":"PREMI EXTRAORDINARI DE BATXILLERAT"},"content":{"rendered":"<p><span style=\"font-size: 14pt;\">Us comuniquem que l&#8217;alumne<b>\u00a0Santiago P\u00e9rez Parera\u00a0<\/b>de\u00a0<b>l&#8217;Institut Manolo Hugu\u00e9<\/b>\u00a0ha obtingut el\u00a0<b>Premi Extraordinari de Batxillerat\u00a0<\/b>del curs 2017-2018, premi que potencia l&#8217;excel\u00b7l\u00e8ncia dels alumnes i que es concedeix a un m\u00e0xim de 44 alumnes de<a href=\"http:\/\/educacio.gencat.cat\/portal\/page\/portal\/Educacio\/PCentrePrivat\/PCPInici\/PCPProjectesEducatius\/PCPPremiExtraordinariBatxillerat\"> tot Catalunya.<\/a><\/span><\/p>\n<p><span style=\"font-size: 14pt;\">Tamb\u00e9 conv\u00e9 recordar que al mateix alumne se li ha atorgat la\u00a0<b>Distinci\u00f3 PAU<\/b><i>\u00a0<\/i>en la convocat\u00f2ria ordin\u00e0ria de juny 2018 amb una qualificaci\u00f3 superior a 9 punts, en la fase general de les proves d&#8217;acc\u00e9s a la universitat.<\/span><\/p>\n<p>&nbsp;<\/p>\n<p><span style=\"font-size: 14pt;\">Felicitats Santi !<\/span><\/p>\n","protected":false},"excerpt":{"rendered":"<p>Us comuniquem que l&#8217;alumne\u00a0&hellip;  <a href=\"https:\/\/agora.xtec.cat\/iesmanolohugue\/general\/premi-extraordinari-de-batxillerat\/\" title=\"Read PREMI EXTRAORDINARI DE BATXILLERAT\">Llegeix m\u00e9s\u00bb<\/a><\/p>\n","protected":false},"author":1,"featured_media":9061,"comment_status":"open","ping_status":"closed","sticky":false,"template":"","format":"standard","meta":{"_bbp_topic_count":0,"_bbp_reply_count":0,"_bbp_total_topic_count":0,"_bbp_total_reply_count":0,"_bbp_voice_count":0,"_bbp_anonymous_reply_count":0,"_bbp_topic_count_hidden":0,"_bbp_reply_count_hidden":0,"_bbp_forum_subforum_count":0,"footnotes":""},"categories":[8,1,29],"tags":[],"class_list":["post-9060","post","type-post","status-publish","format-standard","has-post-thumbnail","hentry","category-batxillerat","category-general","category-portada"],"post_mailing_queue_ids":[],"_links":{"self":[{"href":"https:\/\/agora.xtec.cat\/iesmanolohugue\/wp-json\/wp\/v2\/posts\/9060","targetHints":{"allow":["GET"]}}],"collection":[{"href":"https:\/\/agora.xtec.cat\/iesmanolohugue\/wp-json\/wp\/v2\/posts"}],"about":[{"href":"https:\/\/agora.xtec.cat\/iesmanolohugue\/wp-json\/wp\/v2\/types\/post"}],"author":[{"embeddable":true,"href":"https:\/\/agora.xtec.cat\/iesmanolohugue\/wp-json\/wp\/v2\/users\/1"}],"replies":[{"embeddable":true,"href":"https:\/\/agora.xtec.cat\/iesmanolohugue\/wp-json\/wp\/v2\/comments?post=9060"}],"version-history":[{"count":3,"href":"https:\/\/agora.xtec.cat\/iesmanolohugue\/wp-json\/wp\/v2\/posts\/9060\/revisions"}],"predecessor-version":[{"id":9064,"href":"https:\/\/agora.xtec.cat\/iesmanolohugue\/wp-json\/wp\/v2\/posts\/9060\/revisions\/9064"}],"wp:featuredmedia":[{"embeddable":true,"href":"https:\/\/agora.xtec.cat\/iesmanolohugue\/wp-json\/wp\/v2\/media\/9061"}],"wp:attachment":[{"href":"https:\/\/agora.xtec.cat\/iesmanolohugue\/wp-json\/wp\/v2\/media?parent=9060"}],"wp:term":[{"taxonomy":"category","embeddable":true,"href":"https:\/\/agora.xtec.cat\/iesmanolohugue\/wp-json\/wp\/v2\/categories?post=9060"},{"taxonomy":"post_tag","embeddable":true,"href":"https:\/\/agora.xtec.cat\/iesmanolohugue\/wp-json\/wp\/v2\/tags?post=9060"}],"curies":[{"name":"wp","href":"https:\/\/api.w.org\/{rel}","templated":true}]}}