{"id":8272,"date":"2018-05-10T11:59:06","date_gmt":"2018-05-10T09:59:06","guid":{"rendered":"http:\/\/agora.xtec.cat\/iesmanolohugue\/?p=8272"},"modified":"2018-05-11T09:17:54","modified_gmt":"2018-05-11T07:17:54","slug":"trobada-de-danses-tradicionals-3","status":"publish","type":"post","link":"https:\/\/agora.xtec.cat\/iesmanolohugue\/general\/trobada-de-danses-tradicionals-3\/","title":{"rendered":"Trobada de Danses tradicionals"},"content":{"rendered":"<p><a href=\"https:\/\/musicaalmanolo.blogspot.com.es\/2018\/05\/danses-tradicionals.html\"><img loading=\"lazy\" decoding=\"async\" class=\"alignnone size-full wp-image-8273\" src=\"http:\/\/agora.xtec.cat\/iesmanolohugue\/wp-content\/uploads\/usu9\/2018\/05\/danses.png\" alt=\"\" width=\"617\" height=\"346\" srcset=\"https:\/\/agora.xtec.cat\/iesmanolohugue\/wp-content\/uploads\/usu9\/2018\/05\/danses.png 617w, https:\/\/agora.xtec.cat\/iesmanolohugue\/wp-content\/uploads\/usu9\/2018\/05\/danses-150x84.png 150w, https:\/\/agora.xtec.cat\/iesmanolohugue\/wp-content\/uploads\/usu9\/2018\/05\/danses-300x168.png 300w\" sizes=\"auto, (max-width: 617px) 100vw, 617px\" \/><\/a><\/p>\n<p>Enguany hem fet la trobada de danses a San Vicen\u00e7 de Montalt. Ha estat un \u00e8xit de participaci\u00f3. M\u00e9s de 500 alumnes de diferents instituts han participat a la trobada.<\/p>\n<p>&nbsp;<\/p>\n","protected":false},"excerpt":{"rendered":"<p>Enguany hem fet la trobada&#8230;&hellip;  <a href=\"https:\/\/agora.xtec.cat\/iesmanolohugue\/general\/trobada-de-danses-tradicionals-3\/\" title=\"Read Trobada de Danses tradicionals\">Llegeix m\u00e9s\u00bb<\/a><\/p>\n","protected":false},"author":99,"featured_media":8273,"comment_status":"closed","ping_status":"closed","sticky":false,"template":"","format":"standard","meta":{"_bbp_topic_count":0,"_bbp_reply_count":0,"_bbp_total_topic_count":0,"_bbp_total_reply_count":0,"_bbp_voice_count":0,"_bbp_anonymous_reply_count":0,"_bbp_topic_count_hidden":0,"_bbp_reply_count_hidden":0,"_bbp_forum_subforum_count":0,"footnotes":""},"categories":[3,1,29],"tags":[],"class_list":["post-8272","post","type-post","status-publish","format-standard","has-post-thumbnail","hentry","category-eso","category-general","category-portada"],"post_mailing_queue_ids":[],"_links":{"self":[{"href":"https:\/\/agora.xtec.cat\/iesmanolohugue\/wp-json\/wp\/v2\/posts\/8272","targetHints":{"allow":["GET"]}}],"collection":[{"href":"https:\/\/agora.xtec.cat\/iesmanolohugue\/wp-json\/wp\/v2\/posts"}],"about":[{"href":"https:\/\/agora.xtec.cat\/iesmanolohugue\/wp-json\/wp\/v2\/types\/post"}],"author":[{"embeddable":true,"href":"https:\/\/agora.xtec.cat\/iesmanolohugue\/wp-json\/wp\/v2\/users\/99"}],"replies":[{"embeddable":true,"href":"https:\/\/agora.xtec.cat\/iesmanolohugue\/wp-json\/wp\/v2\/comments?post=8272"}],"version-history":[{"count":3,"href":"https:\/\/agora.xtec.cat\/iesmanolohugue\/wp-json\/wp\/v2\/posts\/8272\/revisions"}],"predecessor-version":[{"id":8297,"href":"https:\/\/agora.xtec.cat\/iesmanolohugue\/wp-json\/wp\/v2\/posts\/8272\/revisions\/8297"}],"wp:featuredmedia":[{"embeddable":true,"href":"https:\/\/agora.xtec.cat\/iesmanolohugue\/wp-json\/wp\/v2\/media\/8273"}],"wp:attachment":[{"href":"https:\/\/agora.xtec.cat\/iesmanolohugue\/wp-json\/wp\/v2\/media?parent=8272"}],"wp:term":[{"taxonomy":"category","embeddable":true,"href":"https:\/\/agora.xtec.cat\/iesmanolohugue\/wp-json\/wp\/v2\/categories?post=8272"},{"taxonomy":"post_tag","embeddable":true,"href":"https:\/\/agora.xtec.cat\/iesmanolohugue\/wp-json\/wp\/v2\/tags?post=8272"}],"curies":[{"name":"wp","href":"https:\/\/api.w.org\/{rel}","templated":true}]}}